{"id":20194,"date":"2018-11-16T17:25:03","date_gmt":"2018-11-16T17:25:03","guid":{"rendered":"http:\/\/fonasc-cbh.org.br\/?p=20194"},"modified":"2018-11-16T17:25:23","modified_gmt":"2018-11-16T17:25:23","slug":"escolas-comunitarias-sao-homenageadas-na-camara-municipal-de-vereadores-de-sao-luis","status":"publish","type":"post","link":"https:\/\/fonasc-cbh.org.br\/?p=20194","title":{"rendered":"ESCOLAS COMUNIT\u00c1RIAS S\u00c3O HOMENAGEADAS NA C\u00c2MARA MUNICIPAL DE VEREADORES DE S\u00c3O LU\u00cdS"},"content":{"rendered":"<p align=\"center\"><strong>ESCOLAS COMUNIT\u00c1RIAS S\u00c3O HOMENAGEADAS NA C\u00c2MARA MUNICIPAL DE VEREADORES DE S\u00c3O LU\u00cdS<\/strong><\/p>\n<p><strong>Texto:<\/strong> Ascom Fonasc.CBH<br \/>\n<strong>Data:<\/strong> 16\/11\/2018<\/p>\n<p style=\"text-align: justify;\">\u00a0\u00a0\u00a0\u00a0\u00a0\u00a0\u00a0\u00a0\u00a0\u00a0\u00a0 As escolas comunit\u00e1rias Instituto Educando e Instituto Maanaim recebem homenagem da C\u00e2mara Municipal de Vereadores de S\u00e3o Lu\u00eds em sess\u00e3o solene no pr\u00f3ximo dia 21 de novembro, \u00e0s 14h, no plen\u00e1rio Sim\u00e3o Est\u00e1cio da Silveira da C\u00e2mara, no Centro.<\/p>\n<p style=\"text-align: justify;\">\u00a0\u00a0\u00a0\u00a0\u00a0\u00a0\u00a0\u00a0\u00a0\u00a0\u00a0 As escolas ser\u00e3o homenageadas pela participa\u00e7\u00e3o e representa\u00e7\u00e3o do Maranh\u00e3o, nas etapas da V Confer\u00eancia Nacional Infanto Juvenil pelo Meio Ambiente, que foram realizadas de abril a junho deste ano. As escolas apresentaram as experi\u00eancias aplicadas no ambiente escolar com o tema \u00e1gua e a forma de fazer seu reuso e redu\u00e7\u00e3o.<\/p>\n<p style=\"text-align: justify;\">\u00a0\u00a0\u00a0\u00a0\u00a0\u00a0\u00a0\u00a0\u00a0\u00a0\u00a0 Ainda durante a solenidade, a gestora do Instituto Maanaim, professora Neuza Ribeiro ir\u00e1 receber o t\u00edtulo de cidad\u00e3 de S\u00e3o Lu\u00eds, pelos relevantes servi\u00e7os prestados na \u00e1rea da educa\u00e7\u00e3o, conforme decreto legislativo 012\/2017.<\/p>\n<p style=\"text-align: justify;\">\u00a0\u00a0\u00a0\u00a0\u00a0\u00a0\u00a0\u00a0\u00a0\u00a0\u00a0 As homenagens a professora Neuza e as escolas comunit\u00e1rias s\u00e3o de autoria do vereador Ricardo Diniz.<\/p>\n<p style=\"text-align: justify;\">\n","protected":false},"excerpt":{"rendered":"<p>ESCOLAS COMUNIT\u00c1RIAS S\u00c3O HOMENAGEADAS NA C\u00c2MARA MUNICIPAL DE VEREADORES DE S\u00c3O LU\u00cdS Texto: Ascom Fonasc.CBH Data: 16\/11\/2018 \u00a0\u00a0\u00a0\u00a0\u00a0\u00a0\u00a0\u00a0\u00a0\u00a0\u00a0 As escolas&#8230;<\/p>\n","protected":false},"author":2,"featured_media":0,"comment_status":"open","ping_status":"open","sticky":false,"template":"","format":"standard","meta":{"footnotes":""},"categories":[1,37,8],"tags":[],"_links":{"self":[{"href":"https:\/\/fonasc-cbh.org.br\/index.php?rest_route=\/wp\/v2\/posts\/20194"}],"collection":[{"href":"https:\/\/fonasc-cbh.org.br\/index.php?rest_route=\/wp\/v2\/posts"}],"about":[{"href":"https:\/\/fonasc-cbh.org.br\/index.php?rest_route=\/wp\/v2\/types\/post"}],"author":[{"embeddable":true,"href":"https:\/\/fonasc-cbh.org.br\/index.php?rest_route=\/wp\/v2\/users\/2"}],"replies":[{"embeddable":true,"href":"https:\/\/fonasc-cbh.org.br\/index.php?rest_route=%2Fwp%2Fv2%2Fcomments&post=20194"}],"version-history":[{"count":3,"href":"https:\/\/fonasc-cbh.org.br\/index.php?rest_route=\/wp\/v2\/posts\/20194\/revisions"}],"predecessor-version":[{"id":20234,"href":"https:\/\/fonasc-cbh.org.br\/index.php?rest_route=\/wp\/v2\/posts\/20194\/revisions\/20234"}],"wp:attachment":[{"href":"https:\/\/fonasc-cbh.org.br\/index.php?rest_route=%2Fwp%2Fv2%2Fmedia&parent=20194"}],"wp:term":[{"taxonomy":"category","embeddable":true,"href":"https:\/\/fonasc-cbh.org.br\/index.php?rest_route=%2Fwp%2Fv2%2Fcategories&post=20194"},{"taxonomy":"post_tag","embeddable":true,"href":"https:\/\/fonasc-cbh.org.br\/index.php?rest_route=%2Fwp%2Fv2%2Ftags&post=20194"}],"curies":[{"name":"wp","href":"https:\/\/api.w.org\/{rel}","templated":true}]}}