{"id":20188,"date":"2018-11-13T18:14:50","date_gmt":"2018-11-13T18:14:50","guid":{"rendered":"http:\/\/fonasc-cbh.org.br\/?p=20188"},"modified":"2018-11-13T18:51:28","modified_gmt":"2018-11-13T18:51:28","slug":"realizada-a-ultima-reuniao-ordinaria-do-conselho-estadual-de-meio-ambiente-do-maranhao-em-2018","status":"publish","type":"post","link":"https:\/\/fonasc-cbh.org.br\/?p=20188","title":{"rendered":"REALIZADA A \u00daLTIMA REUNI\u00c3O ORDIN\u00c1RIA DO CONSELHO ESTADUAL DE MEIO AMBIENTE DO MARANH\u00c3O EM 2018"},"content":{"rendered":"<p><strong>\u00a0REALIZADA A \u00daLTIMA REUNI\u00c3O ORDIN\u00c1RIA DO CONSELHO ESTADUAL DE MEIO AMBIENTE DO MARANH\u00c3O EM 2018<\/strong><\/p>\n<p style=\"text-align: justify;\"><a href=\"https:\/\/fonasc-cbh.org.br\/wp-content\/uploads\/reuniao-consema-08112018-1.jpg\"><img loading=\"lazy\" decoding=\"async\" class=\"aligncenter size-full wp-image-20189\" title=\"reuniao consema 08112018 1\" src=\"https:\/\/fonasc-cbh.org.br\/wp-content\/uploads\/reuniao-consema-08112018-1-e1542132880393.jpg\" alt=\"\" width=\"500\" height=\"243\" \/><\/a><\/p>\n<p style=\"text-align: justify;\"><strong>Texto:<\/strong> Ascom Fonasc.CBH<\/p>\n<p style=\"text-align: justify;\"><strong>Data:<\/strong> 13\/11\/2018<\/p>\n<p style=\"text-align: justify;\">A \u00faltima reuni\u00e3o ordin\u00e1ria do Conselho Estadual de Meio Ambiente do Maranh\u00e3o \u2013 CONSEMA, realizado na \u00faltima quinta-feira, 08, no audit\u00f3rio da SEMA, n\u00e3o contou com a participa\u00e7\u00e3o do conselheiro e coordenador do Fonasc.CBH, Jo\u00e3o Cl\u00edmaco, em que mais uma vez a SEMA n\u00e3o disponibilizou as di\u00e1rias necess\u00e1rias para a vinda do conselheiro para a reuni\u00e3o.<\/p>\n<p style=\"text-align: justify;\">Mesmo sem a presen\u00e7a do conselheiro Cl\u00edmaco, a secret\u00e1ria adjunta de meio ambiente, Thalissa Moraes cometeu a gafe de n\u00e3o reconhecer a representatividade do Fonasc.CBH, atrav\u00e9s do seu assessor jur\u00eddico Lu\u00eds Paulo Ribeiro, que estava acompanhando a reuni\u00e3o e que j\u00e1 havia apresentado \u00e0 secretaria executiva do CONSEMA, procura\u00e7\u00e3o assinada pelo coordenador nacional do Fonasc.CBH, o conselheiro Jo\u00e3o Cl\u00edmaco, para que o assessor o representasse. Ap\u00f3s alguma insist\u00eancia o assessor, ele teve a palavra franqueada para poder ser posicionar quanto a composi\u00e7\u00e3o da C\u00e2mara Recursal, do qual o Fonasc.CBH assumiria a supl\u00eancia na C\u00e2mara.<\/p>\n<p style=\"text-align: justify;\">Outro fato que chama a aten\u00e7\u00e3o \u00e9 a condu\u00e7\u00e3o equivocada por parte da secret\u00e1ria adjunta na hora de deliberar os assuntos em pauta. Um exemplo disso foi a discuss\u00e3o para aprova\u00e7\u00e3o da proposta de resolu\u00e7\u00e3o sobre a minera\u00e7\u00e3o em \u00e1reas de prote\u00e7\u00e3o. A proposta estava pronta e precisava apenas ser apresentada e colocada para vota\u00e7\u00e3o, mas a secret\u00e1ria resolveu antes de votar, fazer corre\u00e7\u00f5es e incluir as recomenda\u00e7\u00f5es da Assessoria Jur\u00eddica da SEMA, quando a pauta n\u00e3o previa tal procedimento al\u00e9m de \u00fanica e exclusivamente remeter a mat\u00e9ria para vota\u00e7\u00e3o.<\/p>\n<p style=\"text-align: justify;\">Al\u00e9m disso, outro momento um tanto pol\u00eamico foi a apresenta\u00e7\u00e3o dos recursos do Fundo Estadual de Meio Ambiente \u2013 FEMA e Fundo Estadual das Unidades de Conserva\u00e7\u00e3o &#8211; FEUC. Sobre os Fundos foi explanado as suas diretrizes e objetivos, mas o que os conselheiros queriam saber era da aplica\u00e7\u00e3o dos recursos, ou seja, qual valor foi gasto e onde foi empregado. Ap\u00f3s alguma insist\u00eancia os n\u00fameros apareceram. Uma parte dos recursos o emprego est\u00e1 indo para o Programa Maranh\u00e3o Verde, especialmente para fam\u00edlias que est\u00e3o no Parque do Bacanga e tamb\u00e9m no Parque de Mirador. A pol\u00eamica quanto ao assunto foi a distribui\u00e7\u00e3o de bolsas para fam\u00edlias que est\u00e3o dentro dos Parques, mas que em tese e para todos os efeitos legais, essas fam\u00edlias n\u00e3o devem morar dentro dos Parques que s\u00e3o considerados como \u00e1reas de prote\u00e7\u00e3o.<\/p>\n<p style=\"text-align: justify;\">\n","protected":false},"excerpt":{"rendered":"<p>\u00a0REALIZADA A \u00daLTIMA REUNI\u00c3O ORDIN\u00c1RIA DO CONSELHO ESTADUAL DE MEIO AMBIENTE DO MARANH\u00c3O EM 2018 Texto: Ascom Fonasc.CBH Data: 13\/11\/2018&#8230;<\/p>\n","protected":false},"author":2,"featured_media":0,"comment_status":"closed","ping_status":"open","sticky":false,"template":"","format":"standard","meta":{"footnotes":""},"categories":[1,37,8],"tags":[],"_links":{"self":[{"href":"https:\/\/fonasc-cbh.org.br\/index.php?rest_route=\/wp\/v2\/posts\/20188"}],"collection":[{"href":"https:\/\/fonasc-cbh.org.br\/index.php?rest_route=\/wp\/v2\/posts"}],"about":[{"href":"https:\/\/fonasc-cbh.org.br\/index.php?rest_route=\/wp\/v2\/types\/post"}],"author":[{"embeddable":true,"href":"https:\/\/fonasc-cbh.org.br\/index.php?rest_route=\/wp\/v2\/users\/2"}],"replies":[{"embeddable":true,"href":"https:\/\/fonasc-cbh.org.br\/index.php?rest_route=%2Fwp%2Fv2%2Fcomments&post=20188"}],"version-history":[{"count":3,"href":"https:\/\/fonasc-cbh.org.br\/index.php?rest_route=\/wp\/v2\/posts\/20188\/revisions"}],"predecessor-version":[{"id":20191,"href":"https:\/\/fonasc-cbh.org.br\/index.php?rest_route=\/wp\/v2\/posts\/20188\/revisions\/20191"}],"wp:attachment":[{"href":"https:\/\/fonasc-cbh.org.br\/index.php?rest_route=%2Fwp%2Fv2%2Fmedia&parent=20188"}],"wp:term":[{"taxonomy":"category","embeddable":true,"href":"https:\/\/fonasc-cbh.org.br\/index.php?rest_route=%2Fwp%2Fv2%2Fcategories&post=20188"},{"taxonomy":"post_tag","embeddable":true,"href":"https:\/\/fonasc-cbh.org.br\/index.php?rest_route=%2Fwp%2Fv2%2Ftags&post=20188"}],"curies":[{"name":"wp","href":"https:\/\/api.w.org\/{rel}","templated":true}]}}