{"id":20164,"date":"2018-11-12T17:43:38","date_gmt":"2018-11-12T17:43:38","guid":{"rendered":"http:\/\/fonasc-cbh.org.br\/?p=20164"},"modified":"2018-11-12T19:01:31","modified_gmt":"2018-11-12T19:01:31","slug":"fonasc-cbh-participa-da-102%c2%aa-reuniao-da-camara-tecnica-de-aguas-subterraneas","status":"publish","type":"post","link":"https:\/\/fonasc-cbh.org.br\/?p=20164","title":{"rendered":"FONASC.CBH PARTICIPA DA 102\u00aa REUNI\u00c3O DA C\u00c2MARA T\u00c9CNICA DE \u00c1GUAS SUBTERR\u00c2NEAS"},"content":{"rendered":"<p style=\"text-align: center;\"><strong>FONASC.CBH PARTICIPA DA 102\u00aa REUNI\u00c3O DA C\u00c2MARA T\u00c9CNICA DE \u00c1GUAS SUBTERR\u00c2NEAS<\/strong><\/p>\n<p>&nbsp;<\/p>\n<figure id=\"attachment_20169\" aria-describedby=\"caption-attachment-20169\" style=\"width: 500px\" class=\"wp-caption aligncenter\"><a href=\"https:\/\/fonasc-cbh.org.br\/wp-content\/uploads\/reuniao-ctas_06112018.jpg\"><img loading=\"lazy\" decoding=\"async\" class=\"size-full wp-image-20169\" title=\"reuniao ctas_06112018\" src=\"https:\/\/fonasc-cbh.org.br\/wp-content\/uploads\/reuniao-ctas_06112018-e1542049271282.jpg\" alt=\"\" width=\"500\" height=\"375\" \/><\/a><figcaption id=\"caption-attachment-20169\" class=\"wp-caption-text\">Conselheira Thereza Christina durante a reuni\u00e3o<\/figcaption><\/figure>\n<p><strong>Texto:<\/strong> Ascom Fonasc.CBH<br \/>\n<strong>Data:<\/strong> 12\/11\/2018<\/p>\n<p style=\"text-align: justify;\">A vice-coordenadora do Fonasc.CBH, Thereza Christina Pereira Castro participou no \u00faltimo dia 06, da 102\u00aa Reuni\u00e3o da C\u00e2mara T\u00e9cnica de \u00c1guas Suberr\u00e2neas \u2013 CTAS, que aconteceu durante o XX Congresso Brasileiro de \u00c1guas Subterr\u00e2neas, realizado na \u00a0Expo Dom Pedro, Av. Guilherme Campos, 500 \u2013 Bloco II, Sala Seringueira, em Campinas\/SP.<\/p>\n<p style=\"text-align: justify;\">O item 4, de uma pauta de trabalho n\u00e3o extensa, tratou da discuss\u00e3o sobre alguns aspectos da Lei n\u00ba 11.445, de 5 de janeiro de 2007 &#8211; Lei de Saneamento, que por gerarem diferentes interpreta\u00e7\u00f5es vem dificultando a gest\u00e3o dos recursos h\u00eddricos. Esse foi um dos debates que mais demandou tempo, pois havia a necessidade de se encontrar solu\u00e7\u00f5es para essa quest\u00e3o. Uma das propostas do Fonasc.CBH \u00e9 de que a CTAS, atrav\u00e9s da Secretaria Executiva do Conselho Nacional de Recursos H\u00eddricos (CNRH) realize palestras, oficinas, semin\u00e1rios, especialmente para as entidades ligadas aos \u00f3rg\u00e3os de justi\u00e7a (como associa\u00e7\u00e3o de ju\u00edzes e magistrados, ordem dos advogados, minist\u00e9rio p\u00fablico, conselhos e etc) para debater e esclarecer os pontos mais t\u00e9cnicos da lei, a fim de trazer a interpreta\u00e7\u00e3o mais correta sobre a Lei de Saneamento.<\/p>\n<p style=\"text-align: justify;\">Ainda sobre o assunto desta Lei, o Fonasc.CBH que j\u00e1 havia encaminhado e submetido ao CNRH uma proposta de mo\u00e7\u00e3o que recomendava aos parlamentares da C\u00e2mara dos Deputados a n\u00e3o aprovarem a MP 844\/2018, que tratava de altera\u00e7\u00f5es na Lei do Saneamento, solicitou que CTAS junto com a CTIL elaborassem um documento se manifestando, uma vez que houve o pedido de vistas desta mo\u00e7\u00e3o na \u00faltima reuni\u00e3o do CNRH e que a C\u00e2mara dos Deputados tem at\u00e9 o dia 19 de novembro para aprovar a Medida Provis\u00f3ria.<\/p>\n<p style=\"text-align: justify;\">Ap\u00f3s os debates sobre o saneamento a reuni\u00e3o ainda tratou dos seguintes assuntos: do Informe sobre a Resolu\u00e7\u00e3o do Conselho Nacional de Recursos H\u00eddricos que \u201cEstabelece diretrizes para a gest\u00e3o integrada de recursos h\u00eddricos superficiais e subterr\u00e2neos que contemplem a articula\u00e7\u00e3o entre a Uni\u00e3o, os Estados e o Distrito Federal com vistas ao fortalecimento dessa gest\u00e3o\u201d, aprovada na 39\u00aa Reuni\u00e3o Ordin\u00e1ria do CNRH; e da Apresenta\u00e7\u00e3o do andamento dos \u201cEstudos para a implementa\u00e7\u00e3o da gest\u00e3o integrada de \u00e1guas superficiais e subterr\u00e2neas na bacia hidrogr\u00e1fica do rio S\u00e3o Francisco: sub-bacias dos rios Verde Grande e Carinhanha\u201d, por representante da Ag\u00eancia Nacional de \u00c1guas.<\/p>\n<p style=\"text-align: justify;\">Depois do Encerramento e Informes Gerais da reuni\u00e3o da CTAS, os conselheiros participaram da programa\u00e7\u00e3o do XX Congresso da ABAS.<\/p>\n","protected":false},"excerpt":{"rendered":"<p>FONASC.CBH PARTICIPA DA 102\u00aa REUNI\u00c3O DA C\u00c2MARA T\u00c9CNICA DE \u00c1GUAS SUBTERR\u00c2NEAS &nbsp; Texto: Ascom Fonasc.CBH Data: 12\/11\/2018 A vice-coordenadora do&#8230;<\/p>\n","protected":false},"author":2,"featured_media":0,"comment_status":"open","ping_status":"open","sticky":false,"template":"","format":"standard","meta":{"footnotes":""},"categories":[1,8],"tags":[],"_links":{"self":[{"href":"https:\/\/fonasc-cbh.org.br\/index.php?rest_route=\/wp\/v2\/posts\/20164"}],"collection":[{"href":"https:\/\/fonasc-cbh.org.br\/index.php?rest_route=\/wp\/v2\/posts"}],"about":[{"href":"https:\/\/fonasc-cbh.org.br\/index.php?rest_route=\/wp\/v2\/types\/post"}],"author":[{"embeddable":true,"href":"https:\/\/fonasc-cbh.org.br\/index.php?rest_route=\/wp\/v2\/users\/2"}],"replies":[{"embeddable":true,"href":"https:\/\/fonasc-cbh.org.br\/index.php?rest_route=%2Fwp%2Fv2%2Fcomments&post=20164"}],"version-history":[{"count":3,"href":"https:\/\/fonasc-cbh.org.br\/index.php?rest_route=\/wp\/v2\/posts\/20164\/revisions"}],"predecessor-version":[{"id":20171,"href":"https:\/\/fonasc-cbh.org.br\/index.php?rest_route=\/wp\/v2\/posts\/20164\/revisions\/20171"}],"wp:attachment":[{"href":"https:\/\/fonasc-cbh.org.br\/index.php?rest_route=%2Fwp%2Fv2%2Fmedia&parent=20164"}],"wp:term":[{"taxonomy":"category","embeddable":true,"href":"https:\/\/fonasc-cbh.org.br\/index.php?rest_route=%2Fwp%2Fv2%2Fcategories&post=20164"},{"taxonomy":"post_tag","embeddable":true,"href":"https:\/\/fonasc-cbh.org.br\/index.php?rest_route=%2Fwp%2Fv2%2Ftags&post=20164"}],"curies":[{"name":"wp","href":"https:\/\/api.w.org\/{rel}","templated":true}]}}