{"id":20144,"date":"2018-10-31T19:08:00","date_gmt":"2018-10-31T19:08:00","guid":{"rendered":"http:\/\/fonasc-cbh.org.br\/?p=20144"},"modified":"2018-10-31T19:08:00","modified_gmt":"2018-10-31T19:08:00","slug":"fonasc-cbh-lamenta-a-fusao-do-meio-ambiente-e-agricultura-anunciada-pelo-governo-bolsonarista","status":"publish","type":"post","link":"https:\/\/fonasc-cbh.org.br\/?p=20144","title":{"rendered":"FONASC.CBH LAMENTA A FUS\u00c3O DO MEIO AMBIENTE E AGRICULTURA ANUNCIADA PELO GOVERNO BOLSONARISTA"},"content":{"rendered":"<p style=\"text-align: center;\"><strong>FONASC.CBH LAMENTA A FUS\u00c3O DO MEIO AMBIENTE E AGRICULTURA ANUNCIADA PELO GOVERNO BOLSONARISTA<\/strong><\/p>\n<figure style=\"width: 396px\" class=\"wp-caption aligncenter\"><img loading=\"lazy\" decoding=\"async\" title=\"Minist\u00e9rio do Meio Ambiente\" src=\"http:\/\/www.inovacao.ufpr.br\/portal\/wp-content\/uploads\/2017\/01\/Minist%C3%A9rio-do-Meio-ambiente.png\" alt=\"Minist\u00e9rio do Meio Ambiente\" width=\"396\" height=\"154\" \/><figcaption class=\"wp-caption-text\">Minist\u00e9rio do Meio Ambiente<\/figcaption><\/figure>\n<p><strong>Texto:<\/strong> Ascom Fonasc.CBH<br \/>\n<strong>Data:<\/strong> 31\/10\/2018<\/p>\n<p>Em not\u00edcia divulgada pela imprensa, a equipe do presidente eleito Jair Bolsonaro anunciou nesta ter\u00e7a-feira, 30, a fus\u00e3o dos Minist\u00e9rios da Agricultura e do Meio Ambiente, que a partir de 1\u00ba de janeiro ser\u00e1 um \u00fanico Minist\u00e9rio. \u201cO presidente n\u00e3o recuou em nada. Assim como j\u00e1 tem experi\u00eancia de alguns anos, no estado do Mato Grosso do Sul e tem em outros lugares do mundo, Agricultura e Meio Ambiente de m\u00e3os dadas. \u00c9 isso. Um minist\u00e9rio s\u00f3\u201d, declarou Onyx Lorenzoni, futuro ministro-chefe da Casa Civil.<\/p>\n<p>Este an\u00fancio n\u00e3o surpreendeu aos ativistas e militantes da causa ambiental, uma vez que a fus\u00e3o j\u00e1 estava desenhada no plano de governo de Bolsonaro, que al\u00e9m disso deixou as amea\u00e7as expostas durante a sua campanha eleitoral como o enfraquecimento dos \u00f3rg\u00e3os como ICMbio e o Ibama, da n\u00e3o demarca\u00e7\u00e3o de um cent\u00edmetro a mais de terras ind\u00edgenas e a de reduzir a p\u00f3 todo tipo de ativismo.<\/p>\n<p>N\u00f3s, do Fonasc.CBH, lamentamos que o governo eleito tenha total desprezo pelo patrim\u00f4nio ambiental do Brasil, tomando uma medida unilateral que assim d\u00e1 in\u00edcio do desmonte da gest\u00e3o ambiental no Pa\u00eds.<\/p>\n<p>Ainda na agenda de poder, o presidente eleito ainda deve acenar positivamente para pautas priorit\u00e1rias da bancada ruralista: aprova\u00e7\u00e3o do enfraquecimento do licenciamento ambiental e o fim das demarca\u00e7\u00f5es de terras ind\u00edgenas. Ainda h\u00e1 tamb\u00e9m um projeto de lei que visa enquadrar organiza\u00e7\u00f5es e movimentos da sociedade civil, classificando-as como terroristas.<\/p>\n<p>Lamentamos profundamente que tais medidas e caminhos a serem tomados por Bolsonaro e sua equipe de governo levam o Brasil a um patamar de atraso e do rid\u00edculo no cen\u00e1rio internacional.<\/p>\n<p>&nbsp;<\/p>\n","protected":false},"excerpt":{"rendered":"<p>FONASC.CBH LAMENTA A FUS\u00c3O DO MEIO AMBIENTE E AGRICULTURA ANUNCIADA PELO GOVERNO BOLSONARISTA Texto: Ascom Fonasc.CBH Data: 31\/10\/2018 Em not\u00edcia&#8230;<\/p>\n","protected":false},"author":2,"featured_media":0,"comment_status":"closed","ping_status":"open","sticky":false,"template":"","format":"standard","meta":{"footnotes":""},"categories":[1,8],"tags":[],"_links":{"self":[{"href":"https:\/\/fonasc-cbh.org.br\/index.php?rest_route=\/wp\/v2\/posts\/20144"}],"collection":[{"href":"https:\/\/fonasc-cbh.org.br\/index.php?rest_route=\/wp\/v2\/posts"}],"about":[{"href":"https:\/\/fonasc-cbh.org.br\/index.php?rest_route=\/wp\/v2\/types\/post"}],"author":[{"embeddable":true,"href":"https:\/\/fonasc-cbh.org.br\/index.php?rest_route=\/wp\/v2\/users\/2"}],"replies":[{"embeddable":true,"href":"https:\/\/fonasc-cbh.org.br\/index.php?rest_route=%2Fwp%2Fv2%2Fcomments&post=20144"}],"version-history":[{"count":2,"href":"https:\/\/fonasc-cbh.org.br\/index.php?rest_route=\/wp\/v2\/posts\/20144\/revisions"}],"predecessor-version":[{"id":20146,"href":"https:\/\/fonasc-cbh.org.br\/index.php?rest_route=\/wp\/v2\/posts\/20144\/revisions\/20146"}],"wp:attachment":[{"href":"https:\/\/fonasc-cbh.org.br\/index.php?rest_route=%2Fwp%2Fv2%2Fmedia&parent=20144"}],"wp:term":[{"taxonomy":"category","embeddable":true,"href":"https:\/\/fonasc-cbh.org.br\/index.php?rest_route=%2Fwp%2Fv2%2Fcategories&post=20144"},{"taxonomy":"post_tag","embeddable":true,"href":"https:\/\/fonasc-cbh.org.br\/index.php?rest_route=%2Fwp%2Fv2%2Ftags&post=20144"}],"curies":[{"name":"wp","href":"https:\/\/api.w.org\/{rel}","templated":true}]}}