{"id":20134,"date":"2018-10-24T18:19:33","date_gmt":"2018-10-24T18:19:33","guid":{"rendered":"http:\/\/fonasc-cbh.org.br\/?p=20134"},"modified":"2018-10-24T18:19:33","modified_gmt":"2018-10-24T18:19:33","slug":"fonasc-cbh-toma-posse-no-conselho-das-unidades-de-conservacao-das-cabeceiras-do-rio-cuiaba","status":"publish","type":"post","link":"https:\/\/fonasc-cbh.org.br\/?p=20134","title":{"rendered":"FONASC.CBH TOMA POSSE NO CONSELHO DAS UNIDADES DE CONSERVA\u00c7\u00c3O DAS CABECEIRAS DO RIO CUIAB\u00c1"},"content":{"rendered":"<p style=\"text-align: center;\"><strong>FONASC.CBH TOMA POSSE NO CONSELHO DAS UNIDADES DE CONSERVA\u00c7\u00c3O DAS CABECEIRAS DO RIO CUIAB\u00c1<\/strong><\/p>\n<figure style=\"width: 886px\" class=\"wp-caption alignnone\"><img loading=\"lazy\" decoding=\"async\" title=\"Rio Cuiab\u00e1\" src=\"http:\/\/www.midianews.com.br\/\/storage\/webdisco\/2017\/09\/19\/886x590\/9e3b9cd966988f87ed0ae72d5b533c85.jpg\" alt=\"Rio Cuiab\u00e1\" width=\"886\" height=\"590\" \/><figcaption class=\"wp-caption-text\">Rio Cuiab\u00e1<\/figcaption><\/figure>\n<p><strong>Texto:<\/strong> Ascom Fonasc.CBH mais Portal Cen\u00e1rioMT<br \/>\n<strong>Data:<\/strong> 24\/10\/2018<\/p>\n<p>O Fonasc.CBH tomou posse dentro do Conselho das unidades de conserva\u00e7\u00e3o de \u00c1rea de Prote\u00e7\u00e3o Ambiental Estadual Cabeceiras do Rio Cuiab\u00e1 e Parque Estadual \u00c1guas do Cuiab\u00e1 durante solenidade que ocorreu na \u00faltima sexta-feira (19), na C\u00e2mara Municipal dos Vereadores de Ros\u00e1rio Oeste, em que a Secretaria de Meio Ambiente empossou tamb\u00e9m conselheiros do poder p\u00fablico e demais representantes da sociedade civil.<\/p>\n<p>Os conselheiros que ir\u00e3o promover a gest\u00e3o compartilhada das Unidades de Conserva\u00e7\u00e3o, aproveitaram a solenidade para tamb\u00e9m aprovar o regimento interno do conselho. O grupo de 18 representantes do poder p\u00fablico e da sociedade civil organizada se reunir\u00e1 ao menos quatro vezes ao ano para deliberar sobre a\u00e7\u00f5es para implanta\u00e7\u00e3o da unidade, estabelecer parcerias para pesquisa e buscar compatibiliza\u00e7\u00e3o dos interesses dos diversos segmentos sociais relacionados com as mesmas. A pr\u00f3xima reuni\u00e3o ser\u00e1 no dia 21 de janeiro de 2019 no munic\u00edpio de Nobres.<\/p>\n<p>O gerente das duas unidades e presidente do Conselho Consultivo, Ademir de Figueiredo comemora a efetiva\u00e7\u00e3o do \u00f3rg\u00e3o colegiado: \u201cAp\u00f3s quase 20 anos da cria\u00e7\u00e3o da APA Cabeceiras do Rio Cuiab\u00e1, obtivemos esse grande avan\u00e7o para a regi\u00e3o\u201d.<\/p>\n<p>Representando o poder p\u00fablico, integram o conselho profissionais da Sema, das prefeituras de Nova Brasil\u00e2ndia, Ros\u00e1rio Oeste, Nobres e Santa Rita do Trivelato. O Batalh\u00e3o de Pol\u00edtica Militar de Prote\u00e7\u00e3o Ambiental, Funda\u00e7\u00e3o Nacional do \u00cdndio, Departamento de \u00c1gua e Esgoto de Ros\u00e1rio Oeste e Universidade Federal tamb\u00e9m comp\u00f5em o grupo. J\u00e1 os representantes da sociedade civil organizada s\u00e3o: Sindicato dos Trabalhadores Rurais de Ros\u00e1rio Oeste, Sindicato dos Trabalhadores Rurais de Nova Brasil\u00e2ndia, Federa\u00e7\u00e3o de Pescadores e Aquicultores do Estado de Mato Grosso (Fepesc), Associa\u00e7\u00e3o de Prote\u00e7\u00e3o a Vida e Meio Ambiente (APVA), SESC Serra Azul, ind\u00edgenas representantes da Etnia Bakairi, Associa\u00e7\u00e3o da Regi\u00e3o da Serra Azul, F\u00f3rum Nacional da Sociedade Civil nos Comit\u00eas de Bacias Hidrogr\u00e1ficas (FONASC.CBH) e Sindicato dos Trabalhadores do Servi\u00e7o P\u00fablico de Ros\u00e1rio Oeste (SINTSPROESTE).<\/p>\n<p>A \u00c1rea de Prote\u00e7\u00e3o Ambiental Cabeceiras do Rio Cuiab\u00e1 \u00e9 uma unidade de conserva\u00e7\u00e3o do tipo uso sustent\u00e1vel e foi criada em 1999, abrangendo uma regi\u00e3o de 473 mil hectares nos munic\u00edpios de Ros\u00e1rio Oeste, Nobres, Nova Brasil\u00e2ndia e Santa Rita do Trivelato. O objetivo da unidade \u00e9 preserva\u00e7\u00e3o dos recursos h\u00eddricos, em particular o sistema hidrogr\u00e1fico dos Rios Alto Cuiab\u00e1, Teles Pires e Juruena e das paisagens e elementos c\u00eanicos formados pelas Serras Azul, do Morro Selado, Santa Rita e do Cuiab\u00e1.<\/p>\n<p>J\u00e1 o Parque Estadual das \u00c1guas do Cuiab\u00e1 foi criado em 2002 em uma \u00e1rea de pouco mais de 10 mil hectares nos munic\u00edpios de Nobres e Ros\u00e1rio Oeste. A unidade \u00e9 do tipo prote\u00e7\u00e3o integral, ou seja, tem como objetivo principal preservar a natureza, sendo admitido apenas o uso indireto dos seus recursos naturais, com exce\u00e7\u00e3o dos casos previstos em lei, tais como em projetos educacionais, de pesquisa e turismo sustent\u00e1vel.<\/p>\n","protected":false},"excerpt":{"rendered":"<p>FONASC.CBH TOMA POSSE NO CONSELHO DAS UNIDADES DE CONSERVA\u00c7\u00c3O DAS CABECEIRAS DO RIO CUIAB\u00c1 Texto: Ascom Fonasc.CBH mais Portal Cen\u00e1rioMT&#8230;<\/p>\n","protected":false},"author":2,"featured_media":0,"comment_status":"closed","ping_status":"open","sticky":false,"template":"","format":"standard","meta":{"footnotes":""},"categories":[1,40,8],"tags":[],"_links":{"self":[{"href":"https:\/\/fonasc-cbh.org.br\/index.php?rest_route=\/wp\/v2\/posts\/20134"}],"collection":[{"href":"https:\/\/fonasc-cbh.org.br\/index.php?rest_route=\/wp\/v2\/posts"}],"about":[{"href":"https:\/\/fonasc-cbh.org.br\/index.php?rest_route=\/wp\/v2\/types\/post"}],"author":[{"embeddable":true,"href":"https:\/\/fonasc-cbh.org.br\/index.php?rest_route=\/wp\/v2\/users\/2"}],"replies":[{"embeddable":true,"href":"https:\/\/fonasc-cbh.org.br\/index.php?rest_route=%2Fwp%2Fv2%2Fcomments&post=20134"}],"version-history":[{"count":2,"href":"https:\/\/fonasc-cbh.org.br\/index.php?rest_route=\/wp\/v2\/posts\/20134\/revisions"}],"predecessor-version":[{"id":20136,"href":"https:\/\/fonasc-cbh.org.br\/index.php?rest_route=\/wp\/v2\/posts\/20134\/revisions\/20136"}],"wp:attachment":[{"href":"https:\/\/fonasc-cbh.org.br\/index.php?rest_route=%2Fwp%2Fv2%2Fmedia&parent=20134"}],"wp:term":[{"taxonomy":"category","embeddable":true,"href":"https:\/\/fonasc-cbh.org.br\/index.php?rest_route=%2Fwp%2Fv2%2Fcategories&post=20134"},{"taxonomy":"post_tag","embeddable":true,"href":"https:\/\/fonasc-cbh.org.br\/index.php?rest_route=%2Fwp%2Fv2%2Ftags&post=20134"}],"curies":[{"name":"wp","href":"https:\/\/api.w.org\/{rel}","templated":true}]}}