{"id":20087,"date":"2018-10-09T18:52:24","date_gmt":"2018-10-09T18:52:24","guid":{"rendered":"http:\/\/fonasc-cbh.org.br\/?p=20087"},"modified":"2018-10-09T20:07:17","modified_gmt":"2018-10-09T20:07:17","slug":"fonasc-cbh-representa-o-segmento-da-sociedade-civil-em-varias-camaras-tecnicas-do-cnrh","status":"publish","type":"post","link":"https:\/\/fonasc-cbh.org.br\/?p=20087","title":{"rendered":"FONASC.CBH REPRESENTA O SEGMENTO DA SOCIEDADE CIVIL EM V\u00c1RIAS C\u00c2MARAS T\u00c9CNICAS DO CNRH"},"content":{"rendered":"<p style=\"text-align: justify;\"><strong>FONASC.CBH REPRESENTA O SEGMENTO DA SOCIEDADE CIVIL EM V\u00c1RIAS C\u00c2MARAS T\u00c9CNICAS DO CNRH<\/strong><\/p>\n<p style=\"text-align: justify;\"><strong>\u00a0Texto:<\/strong> Ascom Fonasc.CBH<br \/>\n<strong>Data:<\/strong> 09\/10\/2018<\/p>\n<p style=\"text-align: justify;\">No per\u00edodo de 01 a 04 de outubro, o Fonasc.CBH participou de tr\u00eas reuni\u00f5es de C\u00e2maras T\u00e9cnicas do Conselho Nacional de Recursos H\u00eddricos (CNRH). O coordenador do Fonasc.CBH, Jo\u00e3o Cl\u00edmaco participou das reuni\u00f5es da C\u00e2mara T\u00e9cnica do Plano Nacional De Recursos H\u00eddricos \u2013 <a title=\"ASDE\" href=\"http:\/\/www.cnrh.gov.br\/ctpnrh-documentos-reunioes\/ctpnrh-2018\" target=\"_blank\">CTPNRH<\/a>, da C\u00e2mara T\u00e9cnica de Integra\u00e7\u00e3o de Procedimentos, A\u00e7\u00f5es de Outorga e A\u00e7\u00f5es Reguladoras \u2013 <a title=\"ASD\" href=\"http:\/\/www.cnrh.gov.br\/ctpoar-documentos-reunioes\/ctpoar-2018\" target=\"_blank\">CTPOAR<\/a> e da C\u00e2mara T\u00e9cnica de \u00c1guas Subterr\u00e2neas \u2013<a title=\"asd\" href=\"http:\/\/www.cnrh.gov.br\/ctap-documentos-reunioes\/ctap-2018\" target=\"_blank\"> CTAP.<\/a><\/p>\n<p style=\"text-align: justify;\">Na pauta das tr\u00eas C\u00e2maras T\u00e9cnicas foram discutidos alguns assuntos como:<\/p>\n<p style=\"text-align: justify;\">\u00a0Proposta de Resolu\u00e7\u00e3o sobre prioridades para outorga de direito de uso dos recursos h\u00eddricos, Resolu\u00e7\u00e3o que \u201cEstabelece diretrizes para a gest\u00e3o integrada de recursos h\u00eddricos superficiais e subterr\u00e2neos que contemplem a articula\u00e7\u00e3o entre a Uni\u00e3o, os Estados e o Distrito Federal com vistas ao fortalecimento dessa gest\u00e3o\u201d,<\/p>\n<p style=\"text-align: justify;\">Discuss\u00e3o sobre \u00e1reas de restri\u00e7\u00e3o de uso de recursos h\u00eddricos, com vistas ao estabelecimento de norma do CNRH,<\/p>\n<p style=\"text-align: justify;\">proposta do Projeto Legado,<\/p>\n<p style=\"text-align: justify;\">Apresenta\u00e7\u00e3o do Relat\u00f3rio Nacional de Seguran\u00e7a de Barragens 2017 (ANA),<\/p>\n<p style=\"text-align: justify;\">Composi\u00e7\u00e3o do GT de An\u00e1lise do RSB 2017, defini\u00e7\u00e3o de coordena\u00e7\u00e3o e relatoria,<\/p>\n<p style=\"text-align: justify;\">Apresenta\u00e7\u00e3o e discuss\u00e3o da proposta de Resolu\u00e7\u00e3o para implementa\u00e7\u00e3o da Rede Nacional de Monitoramento da Qualidade da \u00c1gua, integrante do Projeto Legado;<\/p>\n<p style=\"text-align: justify;\">Mo\u00e7\u00e3o CNRH n\u00ba 69\/2018, a respeito da ado\u00e7\u00e3o de medidas que visem garantir a aloca\u00e7\u00e3o dos recursos financeiros e or\u00e7ament\u00e1rios ao CT-Hidro;<\/p>\n<p style=\"text-align: justify;\">Desdobramentos da oficina de trabalho sobre o Plano Estrat\u00e9gico de Recursos H\u00eddricos dos Afluentes da Margem Direita do Amazonas;<\/p>\n<p style=\"text-align: justify;\">PRH Paraguai: divulga\u00e7\u00e3o do resumo executivo e informe sobre a solicita\u00e7\u00e3o de altera\u00e7\u00e3o da composi\u00e7\u00e3o do GAP Paraguai;<\/p>\n<p style=\"text-align: justify;\">Publica\u00e7\u00e3o da Portaria Conjunta n\u00ba 336, de 20 de agosto de 2018, que instituiu Grupo de Trabalho para coordenar a constru\u00e7\u00e3o e a implementa\u00e7\u00e3o do marco l\u00f3gico e da estrat\u00e9gia para elabora\u00e7\u00e3o do novo Plano Nacional de Recursos H\u00eddricos, a vigorar a partir de 2021 (GT-PNRH);<\/p>\n<p style=\"text-align: justify;\">Conclus\u00e3o do parecer t\u00e9cnico de avalia\u00e7\u00e3o do conte\u00fado m\u00ednimo do relat\u00f3rio \u201cConjuntura dos Recursos H\u00eddricos no Brasil 2017\u201d e recomenda\u00e7\u00f5es para o Conjuntura 2021;<\/p>\n<p style=\"text-align: justify;\">Implanta\u00e7\u00e3o do sistema de gerenciamento do PNRH e avalia\u00e7\u00e3o da execu\u00e7\u00e3o das prioridades e metas para 2016-2020;<\/p>\n<p style=\"text-align: justify;\">Proposta de Resolu\u00e7\u00e3o sobre prioridades para outorga de direito de uso dos recursos h\u00eddricos, retomada da discuss\u00e3o ap\u00f3s a avalia\u00e7\u00e3o da C\u00e2mara T\u00e9cnica de Assuntos Legais e Institucionais (CTIL\/CNRH).<\/p>\n<p>&nbsp;<\/p>\n","protected":false},"excerpt":{"rendered":"<p>FONASC.CBH REPRESENTA O SEGMENTO DA SOCIEDADE CIVIL EM V\u00c1RIAS C\u00c2MARAS T\u00c9CNICAS DO CNRH \u00a0Texto: Ascom Fonasc.CBH Data: 09\/10\/2018 No per\u00edodo&#8230;<\/p>\n","protected":false},"author":2,"featured_media":0,"comment_status":"closed","ping_status":"open","sticky":false,"template":"","format":"standard","meta":{"footnotes":""},"categories":[1,8],"tags":[],"_links":{"self":[{"href":"https:\/\/fonasc-cbh.org.br\/index.php?rest_route=\/wp\/v2\/posts\/20087"}],"collection":[{"href":"https:\/\/fonasc-cbh.org.br\/index.php?rest_route=\/wp\/v2\/posts"}],"about":[{"href":"https:\/\/fonasc-cbh.org.br\/index.php?rest_route=\/wp\/v2\/types\/post"}],"author":[{"embeddable":true,"href":"https:\/\/fonasc-cbh.org.br\/index.php?rest_route=\/wp\/v2\/users\/2"}],"replies":[{"embeddable":true,"href":"https:\/\/fonasc-cbh.org.br\/index.php?rest_route=%2Fwp%2Fv2%2Fcomments&post=20087"}],"version-history":[{"count":4,"href":"https:\/\/fonasc-cbh.org.br\/index.php?rest_route=\/wp\/v2\/posts\/20087\/revisions"}],"predecessor-version":[{"id":20089,"href":"https:\/\/fonasc-cbh.org.br\/index.php?rest_route=\/wp\/v2\/posts\/20087\/revisions\/20089"}],"wp:attachment":[{"href":"https:\/\/fonasc-cbh.org.br\/index.php?rest_route=%2Fwp%2Fv2%2Fmedia&parent=20087"}],"wp:term":[{"taxonomy":"category","embeddable":true,"href":"https:\/\/fonasc-cbh.org.br\/index.php?rest_route=%2Fwp%2Fv2%2Fcategories&post=20087"},{"taxonomy":"post_tag","embeddable":true,"href":"https:\/\/fonasc-cbh.org.br\/index.php?rest_route=%2Fwp%2Fv2%2Ftags&post=20087"}],"curies":[{"name":"wp","href":"https:\/\/api.w.org\/{rel}","templated":true}]}}