{"id":20083,"date":"2018-10-09T18:39:54","date_gmt":"2018-10-09T18:39:54","guid":{"rendered":"http:\/\/fonasc-cbh.org.br\/?p=20083"},"modified":"2018-10-09T18:39:54","modified_gmt":"2018-10-09T18:39:54","slug":"carta-assinada-pelo-fonasc-cbh-tem-resposta-do-candidato-haddad","status":"publish","type":"post","link":"https:\/\/fonasc-cbh.org.br\/?p=20083","title":{"rendered":"CARTA ASSINADA PELO FONASC.CBH TEM RESPOSTA DO CANDIDATO HADDAD"},"content":{"rendered":"<p><strong>CARTA ASSINADA PELO FONASC.CBH TEM RESPOSTA DO CANDIDATO HADDAD<\/strong><\/p>\n<p><strong>Texto:<\/strong> Ascom Fonasc.CBH<br \/>\n<strong>Data:<\/strong> 09\/10\/2018<\/p>\n<p>O Fonasc.CBH endere\u00e7ou aos dois candidatos \u00e0 presid\u00eancia da Rep\u00fablica uma carta de recomenda\u00e7\u00e3o que pede a garantia da\u00a0universaliza\u00e7\u00e3o do acesso aos servi\u00e7os de saneamento b\u00e1sico e do compromisso com o direto humano a \u00e1gua, que impe\u00e7am a aprova\u00e7\u00e3o da MP 844\/2018 que desestrutura a pol\u00edtica de saneamento no Brasil.<\/p>\n<p>O candidato pelo Partido dos Trabalhadores (PT), Fernando Haddad respondeu \u00e0 carta e afirmou que &#8220;estaremos unidos na defesa do acesso \u00e0 \u00e1gua e ao esgotamento sanit\u00e1rio&#8221;. Veja abaixo a carta respondida pelo candidato e logo abaixo a \u00edntegra da carta assinada pelo Fonasc.CBH.<\/p>\n<p><a href=\"https:\/\/fonasc-cbh.org.br\/wp-content\/uploads\/resposta-hadad.jpg\"><img loading=\"lazy\" decoding=\"async\" class=\"aligncenter size-full wp-image-20084\" title=\"resposta hadad\" src=\"https:\/\/fonasc-cbh.org.br\/wp-content\/uploads\/resposta-hadad.jpg\" alt=\"\" width=\"708\" height=\"960\" srcset=\"https:\/\/fonasc-cbh.org.br\/wp-content\/uploads\/resposta-hadad.jpg 708w, https:\/\/fonasc-cbh.org.br\/wp-content\/uploads\/resposta-hadad-221x300.jpg 221w\" sizes=\"(max-width: 708px) 100vw, 708px\" \/><\/a><\/p>\n<p>&nbsp;<\/p>\n<p><strong>Aos Exmo. Senhores CANDIDATOS A ELEI\u00c7\u00c3O DE 2018 <\/strong><\/p>\n<p>Prezado Senhor,<\/p>\n<p style=\"text-align: justify;\">O <strong>FONASC.CBH, juntamente com diversas organiza\u00e7\u00f5es da sociedade civil,\u00a0<\/strong>\u00a0\u201cRecomenda aos Candidatos a elei\u00e7\u00e3o do BRASIL em nome da garantia da universaliza\u00e7\u00e3o do acesso aos servi\u00e7os de saneamento b\u00e1sico e do compromisso com o direto humano a \u00e1gua, que impe\u00e7am a aprova\u00e7\u00e3o da MP 844\/2018 que desestrutura a pol\u00edtica de saneamento no Brasil\u201d.<\/p>\n<p style=\"text-align: justify;\">Tal proposta se justifica pela extrema relev\u00e2ncia que o tema Saneamento tem e as s\u00e9rias implica\u00e7\u00f5es da aprova\u00e7\u00e3o da MP 844\/2018 na POLITICA DE RECURSOS HIDRICOS conforme exposto na Minuta abaixo, sugerindo que&#8230;<\/p>\n<p style=\"text-align: justify;\">\u00a0<strong>Considerando<\/strong> que a MP 844\/18 &#8211; MEDIDA PROVIS\u00d3RIA DE 6 DE JULHO DE 2018 decretada pelo Presidente da Rep\u00fablica Brasileira Michel Temer, caso aprovada, desestrutura a pol\u00edtica de saneamento b\u00e1sico no Brasil na medida em que altera, entre outras, a Lei 9.984 de 2000, que criou a Agencia Nacional de \u00c1gua, a Lei 11.445 de 2007 que definiu as diretrizes nacionais para o saneamento b\u00e1sico no Brasil, afetando de forma grave um dos instrumentos principais da pol\u00edtica de saneamento que \u00e9 o subs\u00eddio cruzado em que munic\u00edpios rent\u00e1veis subsidiam os deficit\u00e1rios.<\/p>\n<p style=\"text-align: justify;\"><strong>\u00a0<\/strong><strong>Considerando<\/strong> a audi\u00eancia p\u00fablica referente a privatiza\u00e7\u00e3o da \u00c1gua no Brasil promovido pela Comiss\u00e3o de Direitos Humanos do Senado, ocorrida no dia5\/9\/2018que tratou da MP 844\/2018<\/p>\n<p style=\"text-align: justify;\"><strong>\u00a0<\/strong><strong>Considerando<\/strong> que o instrumento da Medida Provis\u00f3ria, segundo o <strong>artigo 62<\/strong> da Constitui\u00e7\u00e3o Federal diz que tal instrumento s\u00f3 dever\u00e1 ser utilizado \u201cEm caso de relev\u00e2ncia e urg\u00eancia\u201d, e um dos instrumentos propostos na MP s\u00f3 ter\u00e1 validade ap\u00f3s 3 anos de sua aprova\u00e7\u00e3o, o que descaracteriza tal urg\u00eancia e relev\u00e2ncia.<\/p>\n<p style=\"text-align: justify;\"><strong>Considerando<\/strong> que a medida provis\u00f3ria interfere na titularidade municipal em rela\u00e7\u00e3o a presta\u00e7\u00e3o dos servi\u00e7os de saneamento quando obriga os munic\u00edpios a abrirem consulta p\u00fablica anteriormente a celebra\u00e7\u00e3o de \u201cContrato de Programa\u201d para a presta\u00e7\u00e3o de servi\u00e7os de saneamento b\u00e1sico com empresa p\u00fablica de saneamento<\/p>\n<p style=\"text-align: justify;\">\u00a0<strong>Considerando<\/strong> que a MP designa a Ag\u00eancia Nacional de\u00c1guas (ANA) como formuladora de normas de refer\u00eancia nacionais sobre regula\u00e7\u00e3o do saneamento b\u00e1sico no Brasil e que a mesma possui outras expertises que n\u00e3o de regula\u00e7\u00e3o de servi\u00e7os de saneamento b\u00e1sico sendo que tal situa\u00e7\u00e3o agride frontalmente princ\u00edpios b\u00e1sicos da Lei 9433 que\u00a0\u00a0 enfatiza a atua\u00e7\u00e3o colegiada\u00a0 dos segmentos governos, sociedade civil e usu\u00e1rios no processo de tomada de decis\u00e3o negociada entre esses atores com vistas a gest\u00e3o dos recursos h\u00eddricos .<\/p>\n<p style=\"text-align: justify;\"><strong>\u00a0<\/strong><strong>Considerando<\/strong> que a universaliza\u00e7\u00e3o do acesso aos servi\u00e7os p\u00fablicos de saneamento b\u00e1sico no Brasil s\u00f3 ser\u00e1 poss\u00edvel com o fortalecimento do papel do Estado como indutor dessa pol\u00edtica p\u00fablica que se relaciona diretamente com a sa\u00fade p\u00fablica, com o meio ambiente e com a preserva\u00e7\u00e3o dos recursos h\u00eddricos, com fortalecimentos dos instrumentos de controle social e da implementa\u00e7\u00e3o do Plano Nacional de Saneamento \u2013 PLANSAB.<\/p>\n<p style=\"text-align: justify;\"><strong>\u00a0<\/strong><strong>Considerando<\/strong> que a emenda altera tamb\u00e9m a Lei 9.433 de 8 de janeiro de 1997 que instituiu a Pol\u00edtica Nacional de Recursos H\u00eddricos (PNRH) baseada no seguinte fundamento. Art. 1\u00ba \u00c1gua \u00e9 um bem de dom\u00ednio p\u00fablico.<\/p>\n<p style=\"text-align: justify;\"><strong>\u00a0<\/strong><strong>Considerando<\/strong>que, tem sido evidente o posicionamento das diversas representa\u00e7\u00f5es da Sociedade Civil dentre as quais as organiza\u00e7\u00f5es civis que participam do SINGREH inclusive O FONASC.CBH &#8211; F\u00f3rum Nacional da Sociedade Civil nos Comit\u00eas de Bacia Hidrogr\u00e1fico\u00a0\u00a0 entidade que representa da Sociedade Civil no Conselho Nacional de Recursos H\u00eddricos (CNRH) e nos CBHs no pa\u00eds, Resolve:<\/p>\n<p style=\"text-align: justify;\">\u00a01-\u00a0\u00a0\u00a0\u00a0\u00a0 Manifestar nosso repudio a MP 844\/18 pelos motivos expostos acima, com vistas a SEGURAN\u00c7A H\u00cdDRICA da Sociedade Brasileira com acesso a \u00e1gua a atual e as futuras gera\u00e7\u00f5es,<\/p>\n<p style=\"text-align: justify;\">2-\u00a0\u00a0\u00a0\u00a0\u00a0 Reivindicar que a MP 844\/18 n\u00e3o seja aprovada e que qualquer altera\u00e7\u00e3o nas legisla\u00e7\u00f5es, se tiverem que haver, que sejam atrav\u00e9s de Projeto de Lei debatido com toda a sociedade.<\/p>\n","protected":false},"excerpt":{"rendered":"<p>CARTA ASSINADA PELO FONASC.CBH TEM RESPOSTA DO CANDIDATO HADDAD Texto: Ascom Fonasc.CBH Data: 09\/10\/2018 O Fonasc.CBH endere\u00e7ou aos dois candidatos&#8230;<\/p>\n","protected":false},"author":2,"featured_media":0,"comment_status":"closed","ping_status":"open","sticky":false,"template":"","format":"standard","meta":{"footnotes":""},"categories":[1,8],"tags":[],"_links":{"self":[{"href":"https:\/\/fonasc-cbh.org.br\/index.php?rest_route=\/wp\/v2\/posts\/20083"}],"collection":[{"href":"https:\/\/fonasc-cbh.org.br\/index.php?rest_route=\/wp\/v2\/posts"}],"about":[{"href":"https:\/\/fonasc-cbh.org.br\/index.php?rest_route=\/wp\/v2\/types\/post"}],"author":[{"embeddable":true,"href":"https:\/\/fonasc-cbh.org.br\/index.php?rest_route=\/wp\/v2\/users\/2"}],"replies":[{"embeddable":true,"href":"https:\/\/fonasc-cbh.org.br\/index.php?rest_route=%2Fwp%2Fv2%2Fcomments&post=20083"}],"version-history":[{"count":2,"href":"https:\/\/fonasc-cbh.org.br\/index.php?rest_route=\/wp\/v2\/posts\/20083\/revisions"}],"predecessor-version":[{"id":20086,"href":"https:\/\/fonasc-cbh.org.br\/index.php?rest_route=\/wp\/v2\/posts\/20083\/revisions\/20086"}],"wp:attachment":[{"href":"https:\/\/fonasc-cbh.org.br\/index.php?rest_route=%2Fwp%2Fv2%2Fmedia&parent=20083"}],"wp:term":[{"taxonomy":"category","embeddable":true,"href":"https:\/\/fonasc-cbh.org.br\/index.php?rest_route=%2Fwp%2Fv2%2Fcategories&post=20083"},{"taxonomy":"post_tag","embeddable":true,"href":"https:\/\/fonasc-cbh.org.br\/index.php?rest_route=%2Fwp%2Fv2%2Ftags&post=20083"}],"curies":[{"name":"wp","href":"https:\/\/api.w.org\/{rel}","templated":true}]}}