{"id":19166,"date":"2018-03-02T15:26:16","date_gmt":"2018-03-02T15:26:16","guid":{"rendered":"http:\/\/fonasc-cbh.org.br\/?p=19166"},"modified":"2018-03-02T15:29:04","modified_gmt":"2018-03-02T15:29:04","slug":"fonasc-mg-editorial-a-ideologia-da-dominacao-sobre-o-patrimonio-hidrico-do-povo-de-minas-gerais","status":"publish","type":"post","link":"https:\/\/fonasc-cbh.org.br\/?p=19166","title":{"rendered":"FLASCHBACK FONASC MG &#8211; EDITORIAL &#8211;  A IDEOLOGIA DA DOMINA\u00c7\u00c3O SOBRE O PATRIMONIO HIDRICO DO POVO DE MINAS GERAIS"},"content":{"rendered":"<p>&nbsp;<\/p>\n<p><strong>FONASC MG &#8211; EDITORIAL &#8211;\u00a0 A IDEOLOGIA DA DOMINA\u00c7\u00c3O SOBRE O PATRIMONIO HIDRICO DO POVO DE MINAS GERAIS\u00a0<\/strong><\/p>\n<p>&nbsp;<\/p>\n<p>H\u00e1 uma condescendencia nas an\u00e1lises sobre a forma de exploracao dos bens naturais, as \u00e1guas, os rios em Minas Gerais. Existe dois limites para onde puxa-se\u00a0a corda sem deixar ela estourar agora&#8230;(mas futuramente no colo de todos os nossos descendentes indistintamente)&#8230;e se administra a dial\u00e9tica da falsa realidade reproduzindo-a at\u00e9 onde der..e mantem-se taxas de acumula\u00e7\u00e3o de renda concentrada extra\u00edda dos bens p\u00fablicos.<\/p>\n<div>\n<p>Um limite \u00e9 aquele determinado pela escamotea\u00e7\u00e3o onde se falseia a realidade para todos utilizando-se dos discursos e filigranas da linguagem institucional e tecnol\u00f3gica &#8230;e mantem as apar\u00eancias de gest\u00e3o desses bens atrav\u00e9s de um pacto de grupos hegem\u00f4nicos economicamente e politicamente&#8230;.e um bando de cidad\u00e3os acreditando nessa agenda.<\/p>\n<p>O outro limite .\u00e9 a pr\u00e1tica onde o Estado e seus detentores, escancaram geral&#8230;.passando por cima das leis e agredindo os cidad\u00e3os&#8230;implodindo o principio basilar da propriedade privada ..que s\u00f3 serve para alguns&#8230;e provocando uma anomia social&#8230;para se tirar proveito do caos &#8230;onde o Estado \u00e9 apenas aparelho repressor e n\u00e3o garantidor da cidadania e do estado de direito.N\u00e3o se preocupando em dissimular nada&#8230;Apenas batendo-se em teclas de sons mentirosos at\u00e9 que todos pensem que s\u00e3o sons verdadeiros. Existe coisa mais imbecil do que proclamar que os CBHs s\u00e3o apenas &#8220;parlamento das \u00c1guas&#8221;?&#8221;<\/p>\n<p>Em Minas Gerais encontramos essa dualidade ..essa simbiose tipicamente bem administrada pelas fam\u00edlias mineiras e suas alian\u00e7as esp\u00farias com o capital internacional apoiados por uma classe m\u00e9dia , como diria a Marilena Chua\u00ed de \u00edndole fascista ..para roubar nossa \u00e1gua&#8230;nossas riquezas a pre\u00e7os vis que nem na \u00e1poca colonial..<\/p>\n<p>Nessa simbiose surge a ressuscita-se em pleno seculo XXI o modelo COLONIAL de explora\u00e7\u00e3o territorial..onde o povo brasileiro ..em especial em Minas , nos assemelhamos a aqueles que enchiam as caravelas de Pau Brasil sob olhares de feitores , em troca de bugigangas&#8230;ali\u00e1s, nem isso&#8230;.e os portugueses e ingleses se enriqueciam &#8230;O ciclo do Ouro vem sendo sucedido pelo ciclo da \u00e1gua&#8230;revelando essa triste realidade&#8230;<\/p>\n<p>Tudo isso \u00e9 vis\u00edvel em Minas Gerais atrav\u00e9s da condu\u00e7\u00e3o da POLITICA ESTADUAL DE RECURSOS H\u00cdDRICOS e a forma inteligente como ela administra e se revela dentro desses limites&#8230;&#8230;<\/p>\n<p>Mas para e atrav\u00e9s da \u00e1gua .. n\u00e3o \u00e9 f\u00e1cil de ser gerenciar essas contradi\u00e7\u00f5es se apenas se considerar a \u00e1gua um bem econ\u00f4mico e regular seu valor apenas pela escassez decorrente do modelo de acumula\u00e7\u00e3o&#8230;COLONIAL ..Os CBHs Comit\u00e9s de Bacias Hidrogr\u00e1ficas se prestaram e se prestam a isso &#8230;. ainda que, nessa conjuntura esteja se abrindo os olhos de alguns para isso&#8230;..mas surgir\u00e3o outros limites&#8230;<\/p>\n<p>N\u00e3o \u00e9 f\u00e1cil manter-se nessa hipocrisia pois no caso, a \u00e1gua , a natureza \u00e9 que imp\u00f5e esses limites e n\u00e3o os grupos e estamentos sociais economicamente dominantes nem tampouco a classe trabalhadora ortodoxa&#8230;..Mesmo com todo tipo de tecnologia mal utilizada ..chega-se uma hora que n\u00e3o d\u00e1 para dissimular mais&#8230;A \u00e1gua leva tudo de rold\u00e3o..ou simplesmente some .. e vai se estabelecer onde exista outra \u00e9tica&#8230;l<\/p>\n<p>Novamente, tudo isso \u00e9 vis\u00edvel em Minas Gerais atrav\u00e9s da condu\u00e7\u00e3o da POLITICA ESTADUAL DE RECURSOS H\u00cdDRICOS e a forma (inteligente?) como ela administra e se revela dentro desses limites&#8230;..<\/p>\n<p>CONS. JOAO CLIMACO..<br \/>\nCOORDENA\u00c7AO DO FONASC<br \/>\nENT REP DAS ORG CIVIS NO CBH PARAOPEBA<\/p>\n<\/div>\n","protected":false},"excerpt":{"rendered":"<p>&nbsp; FONASC MG &#8211; EDITORIAL &#8211;\u00a0 A IDEOLOGIA DA DOMINA\u00c7\u00c3O SOBRE O PATRIMONIO HIDRICO DO POVO DE MINAS GERAIS\u00a0 &nbsp;&#8230;<\/p>\n","protected":false},"author":2,"featured_media":0,"comment_status":"closed","ping_status":"open","sticky":false,"template":"","format":"standard","meta":{"footnotes":""},"categories":[8],"tags":[],"_links":{"self":[{"href":"https:\/\/fonasc-cbh.org.br\/index.php?rest_route=\/wp\/v2\/posts\/19166"}],"collection":[{"href":"https:\/\/fonasc-cbh.org.br\/index.php?rest_route=\/wp\/v2\/posts"}],"about":[{"href":"https:\/\/fonasc-cbh.org.br\/index.php?rest_route=\/wp\/v2\/types\/post"}],"author":[{"embeddable":true,"href":"https:\/\/fonasc-cbh.org.br\/index.php?rest_route=\/wp\/v2\/users\/2"}],"replies":[{"embeddable":true,"href":"https:\/\/fonasc-cbh.org.br\/index.php?rest_route=%2Fwp%2Fv2%2Fcomments&post=19166"}],"version-history":[{"count":4,"href":"https:\/\/fonasc-cbh.org.br\/index.php?rest_route=\/wp\/v2\/posts\/19166\/revisions"}],"predecessor-version":[{"id":19169,"href":"https:\/\/fonasc-cbh.org.br\/index.php?rest_route=\/wp\/v2\/posts\/19166\/revisions\/19169"}],"wp:attachment":[{"href":"https:\/\/fonasc-cbh.org.br\/index.php?rest_route=%2Fwp%2Fv2%2Fmedia&parent=19166"}],"wp:term":[{"taxonomy":"category","embeddable":true,"href":"https:\/\/fonasc-cbh.org.br\/index.php?rest_route=%2Fwp%2Fv2%2Fcategories&post=19166"},{"taxonomy":"post_tag","embeddable":true,"href":"https:\/\/fonasc-cbh.org.br\/index.php?rest_route=%2Fwp%2Fv2%2Ftags&post=19166"}],"curies":[{"name":"wp","href":"https:\/\/api.w.org\/{rel}","templated":true}]}}