{"id":19159,"date":"2018-03-01T20:07:26","date_gmt":"2018-03-01T20:07:26","guid":{"rendered":"http:\/\/fonasc-cbh.org.br\/?p=19159"},"modified":"2018-03-01T20:07:26","modified_gmt":"2018-03-01T20:07:26","slug":"entidades-se-mobilizam-para-que-escolas-participem-da-iii-conferencia-estadual-infanto-juvenil-pelo-meio-ambiente","status":"publish","type":"post","link":"https:\/\/fonasc-cbh.org.br\/?p=19159","title":{"rendered":"ENTIDADES SE MOBILIZAM PARA QUE ESCOLAS PARTICIPEM DA III CONFER\u00caNCIA ESTADUAL INFANTO JUVENIL PELO MEIO AMBIENTE"},"content":{"rendered":"<p><strong>ENTIDADES SE MOBILIZAM PARA QUE ESCOLAS PARTICIPEM DA III CONFER\u00caNCIA ESTADUAL INFANTO JUVENIL PELO MEIO AMBIENTE<\/strong><\/p>\n<p><a href=\"https:\/\/fonasc-cbh.org.br\/wp-content\/uploads\/IMG_5576.jpg\"><img loading=\"lazy\" decoding=\"async\" class=\"aligncenter size-medium wp-image-19161\" title=\"IMG_5576\" src=\"https:\/\/fonasc-cbh.org.br\/wp-content\/uploads\/IMG_5576-300x224.jpg\" alt=\"\" width=\"300\" height=\"224\" srcset=\"https:\/\/fonasc-cbh.org.br\/wp-content\/uploads\/IMG_5576-300x224.jpg 300w, https:\/\/fonasc-cbh.org.br\/wp-content\/uploads\/IMG_5576-1024x764.jpg 1024w\" sizes=\"(max-width: 300px) 100vw, 300px\" \/><\/a><\/p>\n<p><strong>Texto:<\/strong> Ascom Fonasc.CBH<br \/>\n<strong>Data:<\/strong> 01\/03\/2018<\/p>\n<p style=\"text-align: justify;\">Na tarde de ontem, dia 28, no audit\u00f3rio do pr\u00e9dio anexo da Secretaria Estadual de Meio Ambiente (SEMA), as entidades que fazem parte da Comiss\u00e3o Organizadora Estadual (COE) da III Confer\u00eancia Estadual Infanto Juvenil pelo Meio Ambiente se reuniram para definir o Plano de Mobiliza\u00e7\u00e3o para reunir escolas das redes p\u00fablica, particular e comunit\u00e1rias a se envolverem com as etapas da Confer\u00eancia.<\/p>\n<p style=\"text-align: justify;\">Algumas entidades j\u00e1 apresentaram suas ideias para mobilizar as escolas como palestras com os alunos motivando eles a inscreverem projetos para confer\u00eancia, reuni\u00f5es com gestores das escolas para mostrar os objetivos da Confer\u00eancia. Dentre as entidades que j\u00e1 come\u00e7aram com estes trabalhos est\u00e3o o Fonasc.CBH, a Secretaria Estadual de Educa\u00e7\u00e3o (Seduc) e a Companhia de Saneamento do Maranh\u00e3o (Caema).<\/p>\n<p style=\"text-align: justify;\">As entidades que formam a COE se re\u00fanem todas as quartas-feiras para definir e ajustar os planos de trabalho para mobiliza\u00e7\u00e3o nas escolas e realiza\u00e7\u00e3o da Confer\u00eancia Estadual. Esse trabalho faz parte do processo preparat\u00f3rio para a V Confer\u00eancia Nacional Infantojuvenil pelo Meio Ambiente ter\u00e1 como tema \u201cVamos Cuidar do Brasil Cuidando das \u00c1guas\u201d e ser\u00e1 realizada de 15 a 19 de junho de 2018.<\/p>\n<p style=\"text-align: justify;\">\u00a0A V Confer\u00eancia Infantojuvenil ser\u00e1 realizada em quatro etapas: Confer\u00eancia na Escola (at\u00e9 31 de mar\u00e7o), Confer\u00eancia Municipal\/Regional, Confer\u00eancia Estadual (7,8 e 9 de maio) e Confer\u00eancia Nacional. As Confer\u00eancias Municipais e ou Regionais ser\u00e3o opcionais, dependendo da defini\u00e7\u00e3o de cada Unidade Federativa.<\/p>\n<p style=\"text-align: justify;\"><a href=\"https:\/\/fonasc-cbh.org.br\/wp-content\/uploads\/IMG_5580.jpg\"><img loading=\"lazy\" decoding=\"async\" class=\"aligncenter size-medium wp-image-19160\" title=\"IMG_5580\" src=\"https:\/\/fonasc-cbh.org.br\/wp-content\/uploads\/IMG_5580-300x168.jpg\" alt=\"\" width=\"300\" height=\"168\" srcset=\"https:\/\/fonasc-cbh.org.br\/wp-content\/uploads\/IMG_5580-300x168.jpg 300w, https:\/\/fonasc-cbh.org.br\/wp-content\/uploads\/IMG_5580-1024x576.jpg 1024w, https:\/\/fonasc-cbh.org.br\/wp-content\/uploads\/IMG_5580.jpg 1032w\" sizes=\"(max-width: 300px) 100vw, 300px\" \/><\/a><strong>Reuni\u00e3o com gestores<\/strong> \u2013 Ainda ontem, pela manh\u00e3, o Fonasc.CBH se reuniu com os gestores das escolas comunit\u00e1rias Instituto Betesda, Instituto Nossa Senhora Aparecida, Escola Educando e Escola Casulo. Estas escolas fazem parte do Comit\u00ea Infanto Juvenil da Bacia Hidrogr\u00e1fica do Rio Jeniparana.<\/p>\n<p style=\"text-align: justify;\">A vice-coordenadora nacional do Fonasc.CBH Thereza Christina Pereira Castro falou aos gestores sobre as etapas da Confer\u00eancia e a import\u00e2ncia das escolas serem os atores principais de um processo que visa assegurar a prote\u00e7\u00e3o dos recursos h\u00eddricos para as gera\u00e7\u00f5es futuras.<\/p>\n<p style=\"text-align: justify;\">A Escola Educando vai aproveitar a data do dia 22 de mar\u00e7o, dia em que celebra 20 anos de funda\u00e7\u00e3o e tamb\u00e9m o dia mundial da \u00e1gua, para realizar a Confer\u00eancia na Escola, com todos os aluno mobilizados apresentando seus projetos dentro da tem\u00e1tica proposta pela Confer\u00eancia Nacional.<\/p>\n<p style=\"text-align: justify;\">\n<p style=\"text-align: justify;\">\n<p style=\"text-align: justify;\">\n","protected":false},"excerpt":{"rendered":"<p>ENTIDADES SE MOBILIZAM PARA QUE ESCOLAS PARTICIPEM DA III CONFER\u00caNCIA ESTADUAL INFANTO JUVENIL PELO MEIO AMBIENTE Texto: Ascom Fonasc.CBH Data:&#8230;<\/p>\n","protected":false},"author":2,"featured_media":0,"comment_status":"closed","ping_status":"open","sticky":false,"template":"","format":"standard","meta":{"footnotes":""},"categories":[37,8],"tags":[],"_links":{"self":[{"href":"https:\/\/fonasc-cbh.org.br\/index.php?rest_route=\/wp\/v2\/posts\/19159"}],"collection":[{"href":"https:\/\/fonasc-cbh.org.br\/index.php?rest_route=\/wp\/v2\/posts"}],"about":[{"href":"https:\/\/fonasc-cbh.org.br\/index.php?rest_route=\/wp\/v2\/types\/post"}],"author":[{"embeddable":true,"href":"https:\/\/fonasc-cbh.org.br\/index.php?rest_route=\/wp\/v2\/users\/2"}],"replies":[{"embeddable":true,"href":"https:\/\/fonasc-cbh.org.br\/index.php?rest_route=%2Fwp%2Fv2%2Fcomments&post=19159"}],"version-history":[{"count":2,"href":"https:\/\/fonasc-cbh.org.br\/index.php?rest_route=\/wp\/v2\/posts\/19159\/revisions"}],"predecessor-version":[{"id":19164,"href":"https:\/\/fonasc-cbh.org.br\/index.php?rest_route=\/wp\/v2\/posts\/19159\/revisions\/19164"}],"wp:attachment":[{"href":"https:\/\/fonasc-cbh.org.br\/index.php?rest_route=%2Fwp%2Fv2%2Fmedia&parent=19159"}],"wp:term":[{"taxonomy":"category","embeddable":true,"href":"https:\/\/fonasc-cbh.org.br\/index.php?rest_route=%2Fwp%2Fv2%2Fcategories&post=19159"},{"taxonomy":"post_tag","embeddable":true,"href":"https:\/\/fonasc-cbh.org.br\/index.php?rest_route=%2Fwp%2Fv2%2Ftags&post=19159"}],"curies":[{"name":"wp","href":"https:\/\/api.w.org\/{rel}","templated":true}]}}