{"id":18536,"date":"2017-11-09T19:43:55","date_gmt":"2017-11-09T19:43:55","guid":{"rendered":"http:\/\/fonasc-cbh.org.br\/?p=18536"},"modified":"2017-11-10T18:26:40","modified_gmt":"2017-11-10T18:26:40","slug":"fonasc-cbh-divulga-lancada-plataforma-digital-dedicada-as-causas-ambientais","status":"publish","type":"post","link":"https:\/\/fonasc-cbh.org.br\/?p=18536","title":{"rendered":"FONASC.CBH DIVULGA &#8211; LAN\u00c7ADA PLATAFORMA DIGITAL DEDICADA \u00c0S CAUSAS AMBIENTAIS"},"content":{"rendered":"<h2 style=\"text-align: center;\">Lei.A \u00e9 lan\u00e7ado em Belo Horizonte<\/h2>\n<p style=\"text-align: center;\">Observat\u00f3rio de leis ambientais vai acompanhar com uma nova linguagem a legisla\u00e7\u00e3o estadual<\/p>\n<p><strong>Texto:<\/strong> Divulga\u00e7\u00e3o<br \/>\n<strong>Data:<\/strong> 09\/11\/2017<\/p>\n<p style=\"text-align: justify;\">Plataforma digital que tem como objetivo empoderar ainda mais cidad\u00e3os, coletivos, associa\u00e7\u00f5es e entidades dedicadas \u00e0s causas ambientais, o Lei.A | Conhecimento e A\u00e7\u00e3o Pelo Meio Ambiente foi lan\u00e7ado nesta ter\u00e7a, dia 7, pela Associa\u00e7\u00e3o dos Observadores do Meio Ambiente e do Patrim\u00f4nio Cultural de Minas Gerais e o Minist\u00e9rio P\u00fablico de Minas Gerais. O evento foi realizado na Casa do Jornalista, em Belo Horizonte.<\/p>\n<p style=\"text-align: justify;\">O observat\u00f3rio \u00e9 um instrumento de controle social, que usa a comunica\u00e7\u00e3o para tornar transparentes leis, temas e discuss\u00f5es ambientais no estado de Minas Gerais. Fornece ferramentas para que o cidad\u00e3o se informe, crie uma opini\u00e3o consistente e possa evitar retrocessos na legisla\u00e7\u00e3o ambiental.<\/p>\n<p style=\"text-align: justify;\">Na plataforma <a href=\"www.leia.org.br\">(www.leia.org.br)<\/a> e nas redes sociais, o Lei.A oferece informa\u00e7\u00f5es para ajudar todos a entenderem com mais clareza como o poder p\u00fablico e a iniciativa privada est\u00e3o tratando as quest\u00f5es que envolvem o meio ambiente. Desta forma, todos poder\u00e3o interagir, cobrar e influenciar as decis\u00f5es dos poderes Legislativo e Executivo.<\/p>\n<p style=\"text-align: justify;\">Por meio da plataforma, \u00e9 poss\u00edvel pesquisar dados ambientais georreferenciados em todos os munic\u00edpios mineiros, al\u00e9m de interagir diretamente com os deputados estaduais sobre as leis e mudan\u00e7as na legisla\u00e7\u00e3o ambiental. O Lei.A tamb\u00e9m disponibilizar\u00e1 em breve um blog, com not\u00edcias atualizadas sobre os processos legislativos ambientais e outras informa\u00e7\u00f5es sobre o tema, sempre com uma forma transparente e de f\u00e1cil entendimento para todos.<\/p>\n<p style=\"text-align: justify;\">Neste primeiro momento, o Lei.A vai se dedicar a acompanhar a legisla\u00e7\u00e3o vigente e os projetos de lei relacionados \u00e0s barragens de rejeito. Na sequ\u00eancia, acompanhar\u00e1 outras tem\u00e1ticas, como res\u00edduos s\u00f3lidos, desmatamento e unidades de conserva\u00e7\u00e3o. O Leia.A tamb\u00e9m realizar\u00e1 encontros em cidades do interior do estado, promovendo oficinas de comunica\u00e7\u00e3o, debates, palestras e exibi\u00e7\u00e3o de v\u00eddeos educativos.<\/p>\n<p style=\"text-align: justify;\"><strong>Iniciativa<\/strong><br \/>\nO Lei.A \u00e9 uma iniciativa da Associa\u00e7\u00e3o dos Observadores do Meio Ambiente e do Patrim\u00f4nio Cultural de Minas Gerais, com o apoio do Minist\u00e9rio P\u00fablico de Minas Gerais. A Associa\u00e7\u00e3o dos Observadores \u00e9 uma entidade sem fins lucrativos, criada em 2016. Tem como objetivo a defesa e a conserva\u00e7\u00e3o do meio ambiente e do patrim\u00f4nio hist\u00f3rico cultural. A motiva\u00e7\u00e3o de sua cria\u00e7\u00e3o aconteceu ap\u00f3s o rompimento da barragem de Fund\u00e3o, em Mariana, em novembro de 2015. Frente \u00e0 avalanche de informa\u00e7\u00e3o produzida naquele instante, percebeu-se pouca sinergia entre os produtores de dados oficiais e estudos cient\u00edficos (universidades, centros de pesquisa e \u00f3rg\u00e3os p\u00fablicos) e a popula\u00e7\u00e3o. Era preciso criar formas inovadoras de observar, decodificar e ampliar o entendimento sobre as quest\u00f5es ambientais em Minas Gerais.<\/p>\n<p style=\"text-align: justify;\">O Lei.A recebe o aval e o apoio do Minist\u00e9rio P\u00fablico. Desta forma, busca desenvolver as atividades de controle social e empoderamento da popula\u00e7\u00e3o de forma independente, ou seja, sem depender de patroc\u00ednios ou apoio de empresas privadas.<\/p>\n<p style=\"text-align: justify;\">\n","protected":false},"excerpt":{"rendered":"<p>Lei.A \u00e9 lan\u00e7ado em Belo Horizonte Observat\u00f3rio de leis ambientais vai acompanhar com uma nova linguagem a legisla\u00e7\u00e3o estadual Texto:&#8230;<\/p>\n","protected":false},"author":2,"featured_media":0,"comment_status":"closed","ping_status":"open","sticky":false,"template":"","format":"standard","meta":{"footnotes":""},"categories":[1,8],"tags":[],"_links":{"self":[{"href":"https:\/\/fonasc-cbh.org.br\/index.php?rest_route=\/wp\/v2\/posts\/18536"}],"collection":[{"href":"https:\/\/fonasc-cbh.org.br\/index.php?rest_route=\/wp\/v2\/posts"}],"about":[{"href":"https:\/\/fonasc-cbh.org.br\/index.php?rest_route=\/wp\/v2\/types\/post"}],"author":[{"embeddable":true,"href":"https:\/\/fonasc-cbh.org.br\/index.php?rest_route=\/wp\/v2\/users\/2"}],"replies":[{"embeddable":true,"href":"https:\/\/fonasc-cbh.org.br\/index.php?rest_route=%2Fwp%2Fv2%2Fcomments&post=18536"}],"version-history":[{"count":3,"href":"https:\/\/fonasc-cbh.org.br\/index.php?rest_route=\/wp\/v2\/posts\/18536\/revisions"}],"predecessor-version":[{"id":18538,"href":"https:\/\/fonasc-cbh.org.br\/index.php?rest_route=\/wp\/v2\/posts\/18536\/revisions\/18538"}],"wp:attachment":[{"href":"https:\/\/fonasc-cbh.org.br\/index.php?rest_route=%2Fwp%2Fv2%2Fmedia&parent=18536"}],"wp:term":[{"taxonomy":"category","embeddable":true,"href":"https:\/\/fonasc-cbh.org.br\/index.php?rest_route=%2Fwp%2Fv2%2Fcategories&post=18536"},{"taxonomy":"post_tag","embeddable":true,"href":"https:\/\/fonasc-cbh.org.br\/index.php?rest_route=%2Fwp%2Fv2%2Ftags&post=18536"}],"curies":[{"name":"wp","href":"https:\/\/api.w.org\/{rel}","templated":true}]}}