{"id":18420,"date":"2017-10-06T17:34:17","date_gmt":"2017-10-06T17:34:17","guid":{"rendered":"http:\/\/fonasc-cbh.org.br\/?p=18420"},"modified":"2017-10-06T18:19:08","modified_gmt":"2017-10-06T18:19:08","slug":"fonasc-cbh-divulga-%e2%80%93-seminario-sobre-areas-de-restricao-de-uso-de-recursos-hidricos","status":"publish","type":"post","link":"https:\/\/fonasc-cbh.org.br\/?p=18420","title":{"rendered":"FONASC.CBH DIVULGA \u2013 SEMIN\u00c1RIO SOBRE \u00c1REAS DE RESTRI\u00c7\u00c3O DE USO DE RECURSOS H\u00cdDRICOS"},"content":{"rendered":"<p style=\"text-align: center;\"><strong>FONASC.CBH DIVULGA \u2013 SEMIN\u00c1RIO SOBRE \u00c1REAS DE RESTRI\u00c7\u00c3O DE USO DE RECURSOS H\u00cdDRICOS<\/strong><\/p>\n<p><strong>Texto:<\/strong> Ascom Fonasc.CBH mais divulga\u00e7\u00e3o<br \/>\n<strong>Data:<\/strong>06\/10\/2017<\/p>\n<p style=\"text-align: justify;\">Nos dias 18 e 19 deste m\u00eas ser\u00e1 realizado o Semin\u00e1rio sobre \u00c1reas de Restri\u00e7\u00e3o de Uso de Recursos H\u00eddricos, que acontecer\u00e1 no Centro de Inova\u00e7\u00e3o e Tecnologia SENAI FIEMG &#8211; Campus CETEC na Av. Jos\u00e9 C\u00e2ndido da Silveira, 2000 \u2013 Horto, entrada pela rua 7.<\/p>\n<p style=\"text-align: justify;\">O semin\u00e1rio \u00e9 uma iniciativa do Conselho Estadual de Recursos H\u00eddricos de Minas Gerais (CERH-MG) por meio de sua C\u00e2mara T\u00e9cnica de Planos e o Instituto Mineiro de Gest\u00e3o das \u00c1guas \u2013 IGAM.<\/p>\n<p style=\"text-align: justify;\">O objetivo \u00e9 promover o debate dos aspectos t\u00e9cnicos e metodol\u00f3gicos relacionados ao tema \u00c1reas Sujeitas \u00e0 Restri\u00e7\u00e3o de Uso e Planos Diretores de Recursos H\u00eddricos.<\/p>\n<p style=\"text-align: justify;\">Para este evento foram convidados eminentes especialistas em suas respectivas \u00e1reas para palestras e discuss\u00f5es com membros do CERH-MG e de suas C\u00e2maras T\u00e9cnicas, representantes de Comit\u00eas de Bacias Hidrogr\u00e1fica (CBH\u2019s) bem como demais interessados no assunto.<\/p>\n<h4 style=\"text-align: justify;\">O Semin\u00e1rio \u00e9 de inscri\u00e7\u00e3o limitada e pode ser feita <a href=\"https:\/\/docs.google.com\/forms\/d\/1lmXPoDGmnyRcpkchhZqGdt5xp5_d7btv-RyX5FsqSI8\/viewform?edit_requested=true\">acessando aqui.<\/a><\/h4>\n","protected":false},"excerpt":{"rendered":"<p>FONASC.CBH DIVULGA \u2013 SEMIN\u00c1RIO SOBRE \u00c1REAS DE RESTRI\u00c7\u00c3O DE USO DE RECURSOS H\u00cdDRICOS Texto: Ascom Fonasc.CBH mais divulga\u00e7\u00e3o Data:06\/10\/2017 Nos&#8230;<\/p>\n","protected":false},"author":2,"featured_media":0,"comment_status":"closed","ping_status":"open","sticky":false,"template":"","format":"standard","meta":{"footnotes":""},"categories":[1,8],"tags":[],"_links":{"self":[{"href":"https:\/\/fonasc-cbh.org.br\/index.php?rest_route=\/wp\/v2\/posts\/18420"}],"collection":[{"href":"https:\/\/fonasc-cbh.org.br\/index.php?rest_route=\/wp\/v2\/posts"}],"about":[{"href":"https:\/\/fonasc-cbh.org.br\/index.php?rest_route=\/wp\/v2\/types\/post"}],"author":[{"embeddable":true,"href":"https:\/\/fonasc-cbh.org.br\/index.php?rest_route=\/wp\/v2\/users\/2"}],"replies":[{"embeddable":true,"href":"https:\/\/fonasc-cbh.org.br\/index.php?rest_route=%2Fwp%2Fv2%2Fcomments&post=18420"}],"version-history":[{"count":3,"href":"https:\/\/fonasc-cbh.org.br\/index.php?rest_route=\/wp\/v2\/posts\/18420\/revisions"}],"predecessor-version":[{"id":18422,"href":"https:\/\/fonasc-cbh.org.br\/index.php?rest_route=\/wp\/v2\/posts\/18420\/revisions\/18422"}],"wp:attachment":[{"href":"https:\/\/fonasc-cbh.org.br\/index.php?rest_route=%2Fwp%2Fv2%2Fmedia&parent=18420"}],"wp:term":[{"taxonomy":"category","embeddable":true,"href":"https:\/\/fonasc-cbh.org.br\/index.php?rest_route=%2Fwp%2Fv2%2Fcategories&post=18420"},{"taxonomy":"post_tag","embeddable":true,"href":"https:\/\/fonasc-cbh.org.br\/index.php?rest_route=%2Fwp%2Fv2%2Ftags&post=18420"}],"curies":[{"name":"wp","href":"https:\/\/api.w.org\/{rel}","templated":true}]}}