{"id":18417,"date":"2017-10-05T20:07:41","date_gmt":"2017-10-05T20:07:41","guid":{"rendered":"http:\/\/fonasc-cbh.org.br\/?p=18417"},"modified":"2017-10-05T20:07:41","modified_gmt":"2017-10-05T20:07:41","slug":"fonasc-cbh-participa-de-encontro-territorial-do-projeto-redes-de-educacao-integral","status":"publish","type":"post","link":"https:\/\/fonasc-cbh.org.br\/?p=18417","title":{"rendered":"FONASC.CBH PARTICIPA DE ENCONTRO TERRITORIAL DO PROJETO REDES DE EDUCA\u00c7\u00c3O INTEGRAL"},"content":{"rendered":"<p><strong>FONASC.CBH PARTICIPA DE ENCONTRO TERRITORIAL DO PROJETO REDES DE EDUCA\u00c7\u00c3O INTEGRAL<\/strong><\/p>\n<p>&nbsp;<\/p>\n<p><strong>Texto:<\/strong> Ascom Fonasc.CBH<br \/>\n<strong>Data:<\/strong> 05\/10\/2017<\/p>\n<p style=\"text-align: justify;\">Na tarde desta quarta-feira, 04, o Fonasc.CBH participou do Encontro Territorial do Projeto Redes de Educa\u00e7\u00e3o Integral, cujo tema foi \u201cMeu Territ\u00f3rio \u00e9 vivo e cultivado\u201d, no bairro do Anil, em S\u00e3o Lu\u00eds,MA. O Fonasc.CBH foi representado pela sua Assessora de Comunica\u00e7\u00e3o, Suyane Scanssette.<\/p>\n<p style=\"text-align: justify;\">O objetivo dos encontros \u00e9 formar e articular com entidades p\u00fablicas, organiza\u00e7\u00f5es da sociedade civil, empresas e a comunidade para desenvolvimento de trabalhos e a\u00e7\u00f5es em rede, ou seja, em parcerias.<\/p>\n<p style=\"text-align: justify;\">A cada encontro \u00e9 feito um mapeamento de potenciais entidades que podem atuar em redes e um diagn\u00f3stico de avalia\u00e7\u00e3o de a\u00e7\u00f5es e trabalhos que j\u00e1 s\u00e3o desempenhados em parcerias. Na verdade, cada reuni\u00e3o dessa \u00e9 o equivalente a uma feira de neg\u00f3cios, onde cada participante pode se unir a diversas institui\u00e7\u00f5es para desempenhar a\u00e7\u00f5es e demandas da comunidade nas \u00e1reas de sa\u00fade, meio ambiente, educa\u00e7\u00e3o, esporte, lazer, cultura, seguran\u00e7a, dentre outros.<\/p>\n<p style=\"text-align: justify;\">O foco \u00e9 voltado especialmente para crian\u00e7as, adolescentes e jovens, mas tamb\u00e9m pode atender a todos de uma mesma comunidade.<\/p>\n<p style=\"text-align: justify;\">O projeto Redes de Educa\u00e7\u00e3o Integral j\u00e1 \u00e9 desenvolvido desde 2015 e muitos projetos j\u00e1 foram executados gra\u00e7as as parcerias que se formaram em cada reuni\u00e3o. O pr\u00f3ximo encontro ser\u00e1 dia 18, na zona rural 1, que envolve os bairros de Maracan\u00e3 e Estiva.<\/p>\n<p style=\"text-align: justify;\"><strong>Fonasc.CBH em redes &#8211; <\/strong>Como resultado do encontro de ontem, o Fonasc.CBH apresentou a sua experi\u00eancia em trabalhar em redes, com o Comit\u00ea Infanto Juvenil da Bacia Hidrogr\u00e1fica do Rio Jeniparana, desde 2011. Al\u00e9m disso, demonstrou sua capacidade de articular com v\u00e1rias entidades como escolas, igrejas, ONGs e outros.<\/p>\n<p style=\"text-align: justify;\">O Fonasc.CBH, juntamente com algumas entidades presentes no encontro, j\u00e1 agendaram uma a\u00e7\u00e3o conjunta em alus\u00e3o ao Outubro Rosa. Ser\u00e1 a realiza\u00e7\u00e3o de uma palestra de conscientiza\u00e7\u00e3o para as mulheres da comunidade sobre a preven\u00e7\u00e3o do c\u00e2ncer de mama, para ser realizada daqui a duas semanas.<\/p>\n","protected":false},"excerpt":{"rendered":"<p>FONASC.CBH PARTICIPA DE ENCONTRO TERRITORIAL DO PROJETO REDES DE EDUCA\u00c7\u00c3O INTEGRAL &nbsp; Texto: Ascom Fonasc.CBH Data: 05\/10\/2017 Na tarde desta&#8230;<\/p>\n","protected":false},"author":2,"featured_media":0,"comment_status":"closed","ping_status":"open","sticky":false,"template":"","format":"standard","meta":{"footnotes":""},"categories":[1,8],"tags":[],"_links":{"self":[{"href":"https:\/\/fonasc-cbh.org.br\/index.php?rest_route=\/wp\/v2\/posts\/18417"}],"collection":[{"href":"https:\/\/fonasc-cbh.org.br\/index.php?rest_route=\/wp\/v2\/posts"}],"about":[{"href":"https:\/\/fonasc-cbh.org.br\/index.php?rest_route=\/wp\/v2\/types\/post"}],"author":[{"embeddable":true,"href":"https:\/\/fonasc-cbh.org.br\/index.php?rest_route=\/wp\/v2\/users\/2"}],"replies":[{"embeddable":true,"href":"https:\/\/fonasc-cbh.org.br\/index.php?rest_route=%2Fwp%2Fv2%2Fcomments&post=18417"}],"version-history":[{"count":1,"href":"https:\/\/fonasc-cbh.org.br\/index.php?rest_route=\/wp\/v2\/posts\/18417\/revisions"}],"predecessor-version":[{"id":18418,"href":"https:\/\/fonasc-cbh.org.br\/index.php?rest_route=\/wp\/v2\/posts\/18417\/revisions\/18418"}],"wp:attachment":[{"href":"https:\/\/fonasc-cbh.org.br\/index.php?rest_route=%2Fwp%2Fv2%2Fmedia&parent=18417"}],"wp:term":[{"taxonomy":"category","embeddable":true,"href":"https:\/\/fonasc-cbh.org.br\/index.php?rest_route=%2Fwp%2Fv2%2Fcategories&post=18417"},{"taxonomy":"post_tag","embeddable":true,"href":"https:\/\/fonasc-cbh.org.br\/index.php?rest_route=%2Fwp%2Fv2%2Ftags&post=18417"}],"curies":[{"name":"wp","href":"https:\/\/api.w.org\/{rel}","templated":true}]}}