{"id":18411,"date":"2017-10-05T19:48:00","date_gmt":"2017-10-05T19:48:00","guid":{"rendered":"http:\/\/fonasc-cbh.org.br\/?p=18411"},"modified":"2017-10-16T18:47:33","modified_gmt":"2017-10-16T18:47:33","slug":"fonasc-cbh-fala-sobre-a-gestao-das-aguas-para-membros-da-ciea-ma","status":"publish","type":"post","link":"https:\/\/fonasc-cbh.org.br\/?p=18411","title":{"rendered":"FONASC.CBH FALA SOBRE A GEST\u00c3O DAS \u00c1GUAS PARA MEMBROS DA CIEA-MA"},"content":{"rendered":"<p style=\"text-align: center;\"><strong>FONASC.CBH FALA SOBRE A GEST\u00c3O DAS \u00c1GUAS PARA MEMBROS DA CIEA-MA<\/strong><\/p>\n<p style=\"text-align: center;\"><a href=\"https:\/\/fonasc-cbh.org.br\/?attachment_id=18412\" rel=\"attachment wp-att-18412\"><img loading=\"lazy\" decoding=\"async\" class=\"aligncenter size-full wp-image-18412\" title=\"THEREZA CHRISTINA CASTRO\" src=\"https:\/\/fonasc-cbh.org.br\/wp-content\/uploads\/THEREZA-CHRISTINA-CASTRO.jpg\" alt=\"\" width=\"768\" height=\"432\" \/><\/a><\/p>\n<p><strong>Texto<\/strong>: Ascom Fonasc.CBH<br \/>\n<strong>Data:<\/strong> 05\/10\/2017<\/p>\n<p>&nbsp;<\/p>\n<p style=\"text-align: justify;\">A vice-coordenadora nacional do Fonasc.CBH, Thereza Christina Pereira Castro concedeu palestra para membros da Comiss\u00e3o Interinstitucional de Educa\u00e7\u00e3o Ambiental do Maranh\u00e3o (CIEA-MA) e t\u00e9cnicos em educa\u00e7\u00e3o de 19 regionais do Estado sobre a gest\u00e3o das \u00e1guas e sobre a pol\u00edtica de recursos h\u00eddricos que deve ser participativa, descentralizada e integrada.<\/p>\n<p style=\"text-align: justify;\">Todos os participantes est\u00e3o envolvidos em promover e mobilizar escolas p\u00fablicas, particulares e comunit\u00e1rias para participarem das etapas da V Confer\u00eancia Nacional Infanto Juvenil de Meio Ambiente, cujo tema ser\u00e1 \u201cVamos Cuidar do Brasil Cuidando das \u00c1guas\u201d.<\/p>\n<p style=\"text-align: justify;\">Esse encontro, que aconteceu na \u00faltima segunda-feira, dia 02 de outubro, na Escola Modelo, em S\u00e3o Lu\u00eds, foram definidas as diretrizes e o passo-a-passo para que as escolas p\u00fablicas, particulares e comunit\u00e1rias participem da etapa escolar da Confer\u00eancia.<\/p>\n<p style=\"text-align: justify;\">Essa primeira fase \u00e9 de mobiliza\u00e7\u00e3o das escolas para a realiza\u00e7\u00e3o de estudos, pesquisas, projetos relacionados \u00e0 quest\u00e3o socioambiental da \u00e1gua. A escola elaborar\u00e1 um plano de a\u00e7\u00e3o envolvendo toda comunidade escolar, fortalecendo a Comiss\u00e3o de Meio Ambiente e Qualidade de Vida na Escola (COM-VIDA). Essa etapa deve ser realizada nas escolas at\u00e9 o dia 27 de novembro.<\/p>\n<p style=\"text-align: justify;\">Depois as escolas que realizaram as confer\u00eancias em sua comunidade escolar devem encaminhar, via site do MEC, documentos e informa\u00e7\u00f5es sobre o evento. Todas t\u00eam at\u00e9 o dia 30 de outubro para repassar estas informa\u00e7\u00f5es. Em seguida, haver\u00e1 as Confer\u00eancias Regional e Estadual, que devem ser realizada at\u00e9 a data limite de 10 de fevereiro de 2018.<\/p>\n<p style=\"text-align: justify;\">A CNIJMA, iniciativa do Minist\u00e9rio da Educa\u00e7\u00e3o junto com o MMA, se insere no contexto da realiza\u00e7\u00e3o do 8\u00ba F\u00f3rum Mundial da \u00c1gua: Compartilhando \u00c1gua, que ser\u00e1 sediado em Bras\u00edlia de 18 a 23 de mar\u00e7o de 2018. A Confer\u00eancia tem como principal objetivo conscientizar os estudantes sobre o respeito ao uso e preserva\u00e7\u00e3o das \u00e1guas.<\/p>\n","protected":false},"excerpt":{"rendered":"<p>Thereza Christina concedeu palestra para membros da Comiss\u00e3o Interinstitucional de Educa\u00e7\u00e3o Ambiental do Maranh\u00e3o (CIEA-MA) e t\u00e9cnicos em educa\u00e7\u00e3o de 19 regionais do Estado sobre a gest\u00e3o das \u00e1guas.<\/p>\n","protected":false},"author":2,"featured_media":0,"comment_status":"open","ping_status":"open","sticky":false,"template":"","format":"standard","meta":{"footnotes":""},"categories":[1,8],"tags":[],"_links":{"self":[{"href":"https:\/\/fonasc-cbh.org.br\/index.php?rest_route=\/wp\/v2\/posts\/18411"}],"collection":[{"href":"https:\/\/fonasc-cbh.org.br\/index.php?rest_route=\/wp\/v2\/posts"}],"about":[{"href":"https:\/\/fonasc-cbh.org.br\/index.php?rest_route=\/wp\/v2\/types\/post"}],"author":[{"embeddable":true,"href":"https:\/\/fonasc-cbh.org.br\/index.php?rest_route=\/wp\/v2\/users\/2"}],"replies":[{"embeddable":true,"href":"https:\/\/fonasc-cbh.org.br\/index.php?rest_route=%2Fwp%2Fv2%2Fcomments&post=18411"}],"version-history":[{"count":9,"href":"https:\/\/fonasc-cbh.org.br\/index.php?rest_route=\/wp\/v2\/posts\/18411\/revisions"}],"predecessor-version":[{"id":18456,"href":"https:\/\/fonasc-cbh.org.br\/index.php?rest_route=\/wp\/v2\/posts\/18411\/revisions\/18456"}],"wp:attachment":[{"href":"https:\/\/fonasc-cbh.org.br\/index.php?rest_route=%2Fwp%2Fv2%2Fmedia&parent=18411"}],"wp:term":[{"taxonomy":"category","embeddable":true,"href":"https:\/\/fonasc-cbh.org.br\/index.php?rest_route=%2Fwp%2Fv2%2Fcategories&post=18411"},{"taxonomy":"post_tag","embeddable":true,"href":"https:\/\/fonasc-cbh.org.br\/index.php?rest_route=%2Fwp%2Fv2%2Ftags&post=18411"}],"curies":[{"name":"wp","href":"https:\/\/api.w.org\/{rel}","templated":true}]}}