{"id":18186,"date":"2017-09-06T18:19:08","date_gmt":"2017-09-06T18:19:08","guid":{"rendered":"http:\/\/fonasc-cbh.org.br\/?p=18186"},"modified":"2017-09-26T19:01:01","modified_gmt":"2017-09-26T19:01:01","slug":"membros-do-comite-infanto-juvenil-da-bacia-do-rio-jeniparana-participam-do-seletivo-do-programa-jovem-embaixador","status":"publish","type":"post","link":"https:\/\/fonasc-cbh.org.br\/?p=18186","title":{"rendered":"FONASC EDUCA\u00c7\u00c3O AMBIENTAL &#8211; MEMBROS DO COMIT\u00ca INFANTO JUVENIL DA BACIA DO RIO JENIPARANA PARTICIPAM DO SELETIVO DO PROGRAMA JOVEM EMBAIXADOR"},"content":{"rendered":"<p><strong>MEMBROS DO COMIT\u00ca INFANTO JUVENIL DA BACIA DO RIO JENIPARANA PARTICIPAM DO SELETIVO DO PROGRAMA JOVEM EMBAIXADOR<\/strong><\/p>\n<figure id=\"attachment_18188\" aria-describedby=\"caption-attachment-18188\" style=\"width: 300px\" class=\"wp-caption aligncenter\"><a href=\"https:\/\/fonasc-cbh.org.br\/?attachment_id=18188\" rel=\"attachment wp-att-18188\"><img loading=\"lazy\" decoding=\"async\" class=\"size-medium wp-image-18188\" title=\"J\u00e9ssica e Jo\u00e3o Lucas se preparam para as provas com o professor Eli Guedelha\" src=\"https:\/\/fonasc-cbh.org.br\/wp-content\/uploads\/lucajessica1-300x168.jpg\" alt=\"J\u00e9ssica e Jo\u00e3o Lucas se preparam para as provas com o professor Eli Guedelha\" width=\"300\" height=\"168\" \/><\/a><figcaption id=\"caption-attachment-18188\" class=\"wp-caption-text\">J\u00e9ssica e Jo\u00e3o Lucas se preparam para as provas com o professor Eli Guedelha<\/figcaption><\/figure>\n<p><strong>Texto<\/strong>: Ascom Fonasc.CBH<br \/>\n<strong>Data<\/strong>: 06\/09\/2017<\/p>\n<p style=\"text-align: justify;\">Os membros do Comit\u00ea Infanto Juvenil da Bacia Hidrogr\u00e1fica do Rio Jeniparana Jo\u00e3o Lucas Oliveira e J\u00e9ssica Cardoso est\u00e3o participando das etapas do processo do Programa Jovem Embaixador. Com toda a documenta\u00e7\u00e3o entregue, agora eles est\u00e3o aptos e se preparam para pr\u00f3xima etapa, em setembro, quando prestar\u00e3o exames sobre a l\u00edngua inglesa. Em outubro sai o resultado. O interc\u00e2mbio vai ocorrer de 14 de janeiro a 4 de fevereiro de 2018.<\/p>\n<p style=\"text-align: justify;\">O Jovem Embaixador \u00e9 uma iniciativa da Embaixada dos Estados Unidos. H\u00e1 mais de 15 anos, esse programa tem enviado estudantes do ensino m\u00e9dio para os EUA, atrav\u00e9s de um interc\u00e2mbio totalmente gratuito. O principal objetivo \u00e9 desenvolver o esp\u00edrito de lideran\u00e7a e proporcionar novas viv\u00eancias aos participantes. Cerca de 460 alunos j\u00e1 foram beneficiados com essa experi\u00eancia at\u00e9 hoje. Durante tr\u00eas semanas, os jovens embaixadores participam de diferentes atividades que ampliam os conhecimentos culturais, de empreendedorismo e tamb\u00e9m de responsabilidade social.<\/p>\n","protected":false},"excerpt":{"rendered":"<p>MEMBROS DO COMIT\u00ca INFANTO JUVENIL DA BACIA DO RIO JENIPARANA PARTICIPAM DO SELETIVO DO PROGRAMA JOVEM EMBAIXADOR<\/p>\n","protected":false},"author":2,"featured_media":0,"comment_status":"open","ping_status":"open","sticky":false,"template":"","format":"standard","meta":{"footnotes":""},"categories":[1,8],"tags":[],"_links":{"self":[{"href":"https:\/\/fonasc-cbh.org.br\/index.php?rest_route=\/wp\/v2\/posts\/18186"}],"collection":[{"href":"https:\/\/fonasc-cbh.org.br\/index.php?rest_route=\/wp\/v2\/posts"}],"about":[{"href":"https:\/\/fonasc-cbh.org.br\/index.php?rest_route=\/wp\/v2\/types\/post"}],"author":[{"embeddable":true,"href":"https:\/\/fonasc-cbh.org.br\/index.php?rest_route=\/wp\/v2\/users\/2"}],"replies":[{"embeddable":true,"href":"https:\/\/fonasc-cbh.org.br\/index.php?rest_route=%2Fwp%2Fv2%2Fcomments&post=18186"}],"version-history":[{"count":15,"href":"https:\/\/fonasc-cbh.org.br\/index.php?rest_route=\/wp\/v2\/posts\/18186\/revisions"}],"predecessor-version":[{"id":18367,"href":"https:\/\/fonasc-cbh.org.br\/index.php?rest_route=\/wp\/v2\/posts\/18186\/revisions\/18367"}],"wp:attachment":[{"href":"https:\/\/fonasc-cbh.org.br\/index.php?rest_route=%2Fwp%2Fv2%2Fmedia&parent=18186"}],"wp:term":[{"taxonomy":"category","embeddable":true,"href":"https:\/\/fonasc-cbh.org.br\/index.php?rest_route=%2Fwp%2Fv2%2Fcategories&post=18186"},{"taxonomy":"post_tag","embeddable":true,"href":"https:\/\/fonasc-cbh.org.br\/index.php?rest_route=%2Fwp%2Fv2%2Ftags&post=18186"}],"curies":[{"name":"wp","href":"https:\/\/api.w.org\/{rel}","templated":true}]}}