{"id":17673,"date":"2017-06-16T20:05:57","date_gmt":"2017-06-16T20:05:57","guid":{"rendered":"http:\/\/fonasc-cbh.org.br\/?p=17673"},"modified":"2017-06-16T20:05:57","modified_gmt":"2017-06-16T20:05:57","slug":"fonasc-cbh-divulga-participe-dos-debates-na-plataforma-sua-voz-do-forum-mundial-da-agua","status":"publish","type":"post","link":"https:\/\/fonasc-cbh.org.br\/?p=17673","title":{"rendered":"FONASC.CBH DIVULGA &#8211; PARTICIPE DOS DEBATES NA PLATAFORMA SUA VOZ DO F\u00d3RUM MUNDIAL DA \u00c1GUA"},"content":{"rendered":"<div><\/div>\n<div><strong><span style=\"font-size: medium;\">FONASC.CBH DIVULGA &#8211; PARTICIPE DOS DEBATES NA PLATAFORMA SUA VOZ DO F\u00d3RUM MUNDIAL DA \u00c1GUA<\/span><\/strong><\/div>\n<div><strong>Texto:<\/strong> Divulga\u00e7\u00e3o<\/div>\n<div><strong>Data:<\/strong> 16\/06\/2017<\/div>\n<div><span style=\"font-size: medium;\">Em 2018, o 8\u00ba F\u00f3rum Mundial da \u00c1gua acontecer\u00e1 em Bras\u00edlia e reunir\u00e1 os principais especialistas, gestores e organiza\u00e7\u00f5es envolvidas com a quest\u00e3o da \u00e1gua no mundo.<\/span><\/div>\n<div><\/div>\n<div><span style=\"font-size: medium;\">Voc\u00ea poder\u00e1 participar do F\u00f3rum contribuindo com ideias, experi\u00eancias, discuss\u00f5es por meio da plataforma\u00a0<em><strong>Sua Voz.<\/strong><\/em>\u00a0Essa ferramenta, online de consulta aberta, permite que cidad\u00e3os de qualquer lugar do planeta deem sugest\u00f5es que poder\u00e3o ser debatidas no maior encontro mundial sobre \u00e1gua. Essa \u00e9 oportunidade de express\u00e3o de diferentes pontos de vista para enriquecer os debates sobre os rumos da gest\u00e3o das \u00e1guas no mundo.<\/span><\/div>\n<div><span style=\"font-size: medium;\">Est\u00e1 aberta a segunda rodada de discuss\u00e3o que tratar\u00e1 de temas transversais nos seguintes per\u00edodos:<\/span><\/div>\n<div><span style=\"font-size: medium;\">\u00b7\u00a0\u00a0\u00a0\u00a0\u00a0\u00a0\u00a0\u00a0\u00a0CAPACITA\u00c7\u00c3O (12 a 25 junho)<\/span><\/div>\n<div><span style=\"font-size: medium;\">\u00b7\u00a0\u00a0\u00a0\u00a0\u00a0\u00a0\u00a0\u00a0\u00a0GOVERNAN\u00c7A (26 junho a 9 julho)<\/span><\/div>\n<div><span style=\"font-size: medium;\">\u00b7\u00a0\u00a0\u00a0\u00a0\u00a0\u00a0\u00a0\u00a0\u00a0COMPARTILHAMENTO (10 a 23 julho)<\/span><\/div>\n<div><span style=\"font-size: medium;\">\u00b7\u00a0\u00a0\u00a0\u00a0\u00a0\u00a0\u00a0\u00a0\u00a0SUSTENTABILIDADE. (24 julho a 6 agosto)<\/span><\/div>\n<div><span style=\"font-size: medium;\">\u00a0<\/span><\/div>\n<div><span style=\"font-size: medium;\">S\u00e3o 6 salas de debate em que os temas transversais ser\u00e3o discutidos:<\/span><\/div>\n<div><span style=\"font-size: medium;\">\u00b7\u00a0\u00a0\u00a0\u00a0\u00a0\u00a0\u00a0\u00a0\u00a0Clima \u2013 seguran\u00e7a h\u00eddrica e mudan\u00e7as clim\u00e1ticas<\/span><\/div>\n<div><span style=\"font-size: medium;\">\u00b7\u00a0\u00a0\u00a0\u00a0\u00a0\u00a0\u00a0\u00a0\u00a0Pessoas \u2013 \u00e1gua, saneamento e sa\u00fade<\/span><\/div>\n<div><span style=\"font-size: medium;\">\u00b7\u00a0\u00a0\u00a0\u00a0\u00a0\u00a0\u00a0\u00a0\u00a0Desenvolvimento \u2013 \u00e1gua para o desenvolvimento sustent\u00e1vel<\/span><\/div>\n<div><span style=\"font-size: medium;\">\u00b7\u00a0\u00a0\u00a0\u00a0\u00a0\u00a0\u00a0\u00a0\u00a0Urbano \u2013 gest\u00e3o integrada de \u00e1gua e res\u00edduos urbanos<\/span><\/div>\n<div><span style=\"font-size: medium;\">\u00b7\u00a0\u00a0\u00a0\u00a0\u00a0\u00a0\u00a0\u00a0\u00a0Ecossistemas \u2013 qualidade da \u00e1gua, subsist\u00eancia de ecossistemas e biodiversidade<\/span><\/div>\n<div><span style=\"font-size: medium;\">\u00b7\u00a0\u00a0\u00a0\u00a0\u00a0\u00a0\u00a0\u00a0\u00a0Finan\u00e7as \u2013 financiamento para seguran\u00e7a da \u00e1gua<\/span><\/div>\n<div><span style=\"font-size: medium;\">\u00a0<\/span><\/div>\n<div><span style=\"font-size: medium;\">A plataforma<strong><em>\u00a0<\/em><\/strong><em><strong>Sua Voz<\/strong><\/em>\u00a0est\u00e1 dispon\u00edvel em portugu\u00eas e ingl\u00eas no site\u00a0<a href=\"http:\/\/www.worldwaterforum8.org\/\" rel=\"nofollow\" target=\"_blank\" data-saferedirecturl=\"https:\/\/www.google.com\/url?hl=pt-BR&amp;q=http:\/\/www.worldwaterforum8.org\/&amp;source=gmail&amp;ust=1497729266103000&amp;usg=AFQjCNEVkBuG-A5ybH_YBXoROJl-hsNcRA\">http:\/\/www.worldwaterforu m8.org\/<\/a>\u00a0e conta ferramenta de tradu\u00e7\u00e3o para mais 90 idiomas, de modo a facilitar a participa\u00e7\u00e3o de pessoas da maioria dos pa\u00edses do mundo. O objetivo \u00e9 fazer do 8\u00ba F\u00f3rum um evento plural e democr\u00e1tico, em alinhamento com o tema da pr\u00f3xima edi\u00e7\u00e3o: \u201cCompartilhando \u00c1gua\u201d.<\/span><\/div>\n<div><\/div>\n<div><\/div>\n<div><span style=\"font-size: medium;\">Para participar destas rodadas basta acessar <a href=\"http:\/\/www.worldwaterforum8.org\/pt-br\/your-voice\">a p\u00e1gina aqui<\/a>\u00a0e clicar no menu registrar, onde voc\u00ea completa com seus dados pessoais para participar dos debates.\u00a0<\/span><\/div>\n","protected":false},"excerpt":{"rendered":"<p>FONASC.CBH DIVULGA &#8211; PARTICIPE DOS DEBATES NA PLATAFORMA SUA VOZ DO F\u00d3RUM MUNDIAL DA \u00c1GUA Texto: Divulga\u00e7\u00e3o Data: 16\/06\/2017 Em&#8230;<\/p>\n","protected":false},"author":2,"featured_media":0,"comment_status":"open","ping_status":"open","sticky":false,"template":"","format":"standard","meta":{"footnotes":""},"categories":[8],"tags":[],"_links":{"self":[{"href":"https:\/\/fonasc-cbh.org.br\/index.php?rest_route=\/wp\/v2\/posts\/17673"}],"collection":[{"href":"https:\/\/fonasc-cbh.org.br\/index.php?rest_route=\/wp\/v2\/posts"}],"about":[{"href":"https:\/\/fonasc-cbh.org.br\/index.php?rest_route=\/wp\/v2\/types\/post"}],"author":[{"embeddable":true,"href":"https:\/\/fonasc-cbh.org.br\/index.php?rest_route=\/wp\/v2\/users\/2"}],"replies":[{"embeddable":true,"href":"https:\/\/fonasc-cbh.org.br\/index.php?rest_route=%2Fwp%2Fv2%2Fcomments&post=17673"}],"version-history":[{"count":2,"href":"https:\/\/fonasc-cbh.org.br\/index.php?rest_route=\/wp\/v2\/posts\/17673\/revisions"}],"predecessor-version":[{"id":17675,"href":"https:\/\/fonasc-cbh.org.br\/index.php?rest_route=\/wp\/v2\/posts\/17673\/revisions\/17675"}],"wp:attachment":[{"href":"https:\/\/fonasc-cbh.org.br\/index.php?rest_route=%2Fwp%2Fv2%2Fmedia&parent=17673"}],"wp:term":[{"taxonomy":"category","embeddable":true,"href":"https:\/\/fonasc-cbh.org.br\/index.php?rest_route=%2Fwp%2Fv2%2Fcategories&post=17673"},{"taxonomy":"post_tag","embeddable":true,"href":"https:\/\/fonasc-cbh.org.br\/index.php?rest_route=%2Fwp%2Fv2%2Ftags&post=17673"}],"curies":[{"name":"wp","href":"https:\/\/api.w.org\/{rel}","templated":true}]}}