{"id":15627,"date":"2016-05-02T18:32:09","date_gmt":"2016-05-02T18:32:09","guid":{"rendered":"http:\/\/fonasc-cbh.org.br\/?p=15627"},"modified":"2016-05-05T16:50:09","modified_gmt":"2016-05-05T16:50:09","slug":"reuniao-entre-sociedade-civil-e-poder-publico-definem-criterios-para-criacao-de-encontro-estadual-sobre-comites-de-bacias-hidrograficas-do-maranhao","status":"publish","type":"post","link":"https:\/\/fonasc-cbh.org.br\/?p=15627","title":{"rendered":"REUNI\u00c3O ENTRE SOCIEDADE CIVIL E PODER P\u00daBLICO DEFINEM CRIT\u00c9RIOS PARA CRIA\u00c7\u00c3O DE ENCONTRO ESTADUAL SOBRE COMIT\u00caS DE BACIAS HIDROGR\u00c1FICAS DO MARANH\u00c3O"},"content":{"rendered":"<p style=\"text-align: justify;\"><a href=\"https:\/\/fonasc-cbh.org.br\/?attachment_id=15656\" rel=\"attachment wp-att-15656\"><img loading=\"lazy\" decoding=\"async\" class=\"aligncenter size-large wp-image-15656\" title=\"IMG-20160505-WA0003\" src=\"https:\/\/fonasc-cbh.org.br\/wp-content\/uploads\/IMG-20160505-WA0003-768x1024.jpg\" alt=\"\" width=\"446\" height=\"595\" srcset=\"https:\/\/fonasc-cbh.org.br\/wp-content\/uploads\/IMG-20160505-WA0003-768x1024.jpg 768w, https:\/\/fonasc-cbh.org.br\/wp-content\/uploads\/IMG-20160505-WA0003-225x300.jpg 225w, https:\/\/fonasc-cbh.org.br\/wp-content\/uploads\/IMG-20160505-WA0003.jpg 960w\" sizes=\"(max-width: 446px) 100vw, 446px\" \/><\/a>Membros da sociedade civil com assento no Conselho Estadual de Recursos H\u00eddricos (CONERH-MA), representantes da Secretaria de Meio Ambiente (SEMA-MA) e dos Comit\u00eas de Bacias Hidrogr\u00e1ficas dos Rios Munin e Mearim definiram os crit\u00e9rios para realiza\u00e7\u00e3o de um evento anual, chamado Encontro Estadual sobre Comit\u00eas de Bacias Hidrogr\u00e1ficas do Maranh\u00e3o.<\/p>\n<p style=\"text-align: justify;\">Durante a reuni\u00e3o, na semana passada, eles apresentaram contribui\u00e7\u00f5es para a minuta de portaria apresentada pela SEMA e estabeleceram que o primeiro Encontro deve ocorrer nos dias 10 e 11 de junho.<\/p>\n<p style=\"text-align: justify;\">A representante do Fonasc.CBH dentro do CONERH, Thereza Christina Pereira Castro afirmou que mais uma vez, a SEMA tem dificuldades em compreender o processo de participa\u00e7\u00e3o popular na gest\u00e3o das \u00e1guas. \u201cA gest\u00e3o, conforme preconiza a lei n\u00ba 9.433, deve ser descentralizada e com a participa\u00e7\u00e3o da sociedade civil. Chegar com essa minuta pronta, alegando pouca falta de tempo, n\u00e3o d\u00e1, n\u00e3o pode ser assim\u201d, disse.<\/p>\n<p style=\"text-align: justify;\">Outro ponto colocado pela conselheira \u00e9 que a proposta da minuta, ao estabelecer a forma\u00e7\u00e3o da comiss\u00e3o organizadora do evento por conselheiros membros da C\u00e2mara T\u00e9cnica de Cria\u00e7\u00e3o de Comit\u00eas, fere a Resolu\u00e7\u00e3o CONERH n\u00ba 18, em seu artigo 6\u00ba, quando diz que \u201ctodas as atividades, eventos, cursos, capacita\u00e7\u00f5es, conv\u00eanios, acordos de coopera\u00e7\u00e3o, concursos e similares relacionados \u00e0 Educa\u00e7\u00e3o, Capacita\u00e7\u00e3o, Mobiliza\u00e7\u00e3o Social e Informa\u00e7\u00e3o em Recursos H\u00eddricos dever\u00e3o ser comunicados \u00e0 C\u00e2mara T\u00e9cnica de Educa\u00e7\u00e3o, Capacita\u00e7\u00e3o e Mobiliza\u00e7\u00e3o Social (CTEM)\u201d. Segundo Thereza isso mostra a falta de conhecimento da Secretaria sobre as legisla\u00e7\u00f5es aprovadas pelo CONERH.<\/p>\n<p style=\"text-align: justify;\">O conselheiro Manoel Ara\u00fajo trouxe como colabora\u00e7\u00e3o para a realiza\u00e7\u00e3o deste primeiro encontro, a participa\u00e7\u00e3o do especialista em recursos h\u00eddricos, professor Walter Tesch, que no ano passado esteve em S\u00e3o Lu\u00eds e auxiliou a sociedade civil nas discuss\u00f5es sobre o Fundo Estadual de Recursos H\u00eddricos.<\/p>\n<p style=\"text-align: justify;\">Ap\u00f3s as contribui\u00e7\u00f5es \u00e0 minuta, o documento seguiu para formata\u00e7\u00e3o oficial e dever\u00e1 ser publicada nesta semana no Di\u00e1rio Oficial do Estado do Maranh\u00e3o (DOEMA).<\/p>\n","protected":false},"excerpt":{"rendered":"<p>Membros da sociedade civil com assento no Conselho Estadual de Recursos H\u00eddricos (CONERH-MA), representantes da Secretaria de Meio Ambiente (SEMA-MA)&#8230;<\/p>\n","protected":false},"author":2,"featured_media":0,"comment_status":"open","ping_status":"open","sticky":false,"template":"","format":"standard","meta":{"footnotes":""},"categories":[8],"tags":[],"_links":{"self":[{"href":"https:\/\/fonasc-cbh.org.br\/index.php?rest_route=\/wp\/v2\/posts\/15627"}],"collection":[{"href":"https:\/\/fonasc-cbh.org.br\/index.php?rest_route=\/wp\/v2\/posts"}],"about":[{"href":"https:\/\/fonasc-cbh.org.br\/index.php?rest_route=\/wp\/v2\/types\/post"}],"author":[{"embeddable":true,"href":"https:\/\/fonasc-cbh.org.br\/index.php?rest_route=\/wp\/v2\/users\/2"}],"replies":[{"embeddable":true,"href":"https:\/\/fonasc-cbh.org.br\/index.php?rest_route=%2Fwp%2Fv2%2Fcomments&post=15627"}],"version-history":[{"count":6,"href":"https:\/\/fonasc-cbh.org.br\/index.php?rest_route=\/wp\/v2\/posts\/15627\/revisions"}],"predecessor-version":[{"id":15629,"href":"https:\/\/fonasc-cbh.org.br\/index.php?rest_route=\/wp\/v2\/posts\/15627\/revisions\/15629"}],"wp:attachment":[{"href":"https:\/\/fonasc-cbh.org.br\/index.php?rest_route=%2Fwp%2Fv2%2Fmedia&parent=15627"}],"wp:term":[{"taxonomy":"category","embeddable":true,"href":"https:\/\/fonasc-cbh.org.br\/index.php?rest_route=%2Fwp%2Fv2%2Fcategories&post=15627"},{"taxonomy":"post_tag","embeddable":true,"href":"https:\/\/fonasc-cbh.org.br\/index.php?rest_route=%2Fwp%2Fv2%2Ftags&post=15627"}],"curies":[{"name":"wp","href":"https:\/\/api.w.org\/{rel}","templated":true}]}}