{"id":14560,"date":"2015-11-18T16:02:56","date_gmt":"2015-11-18T16:02:56","guid":{"rendered":"http:\/\/fonasc-cbh.org.br\/?p=14560"},"modified":"2015-11-18T16:03:50","modified_gmt":"2015-11-18T16:03:50","slug":"frente-ampla-contra-o-pl-29462015-frente-ampla-contra-o-pl-29462015","status":"publish","type":"post","link":"https:\/\/fonasc-cbh.org.br\/?p=14560","title":{"rendered":"FRENTE AMPLA CONTRA O PL 2946\/2015 &#8211; N\u00c3O VAMOS PACTUAR COM A ENCENA\u00c7\u00c3O DE PARTICIPA\u00c7\u00c3O NO PL 2946\/2015"},"content":{"rendered":"<p align=\"center\"><strong>N\u00c3O VAMOS PACTUAR COM A ENCENA\u00c7\u00c3O DE PARTICIPA\u00c7\u00c3O NO PL 2946\/2015<\/strong><\/p>\n<p>&nbsp;<\/p>\n<p>As entidades socioambientais, sindicais e acad\u00eamicas, reunidas na\u00a0<strong>FRENTE AMPLA CONTRA O PL 2946\/2015,\u00a0<\/strong>decidiram<strong>,\u00a0<\/strong>mais uma vez, se manifestar.<\/p>\n<p>&nbsp;<\/p>\n<p>\u00c9 incompreens\u00edvel e inaceit\u00e1vel que, no momento em que o Estado de Minas Gerais vive o maior desastre ambiental do pa\u00eds, e um dos maiores do mundo, com o rompimento, ocorrido no dia 05 de novembro de 2015, de uma barragem de rejeito da Samarco Minera\u00e7\u00e3o, em Mariana, o Governador Pimentel ainda mantenha o regime de urg\u00eancia na tramita\u00e7\u00e3o do Projeto de Lei 2946\/2015 e que as Comiss\u00f5es de Meio Ambiente e de Administra\u00e7\u00e3o P\u00fablica, da Assembleia Legislativa, tenham pautado o referido PL nos dias 17 e 18 de novembro, numa sequ\u00eancia de 3 reuni\u00f5es conjuntas, mesmo tendo sido adiada a reuni\u00e3o conjunta do COPAM-CERH, agendada para o dia 09\/11, com a alega\u00e7\u00e3o de que \u201cneste momento todos os esfor\u00e7os est\u00e3o voltados para o apoio \u00e0s v\u00edtimas e ao meio ambiente\u201d.<\/p>\n<p>&nbsp;<\/p>\n<p>Entendemos que tais atitudes afrontam os princ\u00edpios democr\u00e1ticos, a solidariedade humana, aqueles que ainda sequer enterraram seus mortos e a popula\u00e7\u00e3o ao longo do Rio Doce, que vive graves situa\u00e7\u00f5es de caos e dificuldade de aceso \u00e0 \u00e1gua, fruto de um crime ambiental de enorme magnitude.<\/p>\n<p>&nbsp;<\/p>\n<p>Sendo assim as entidades que comp\u00f5em \u201cFrente Ampla Contra o PL 2946\/2015\u201d resolvem n\u00e3o pactuar com esta encena\u00e7\u00e3o de que est\u00e1 havendo ampla participa\u00e7\u00e3o da sociedade e deixar claro que este projeto de lei \u00e9 do governo Pimentel e da Fiemg e que a sociedade civil organizada n\u00e3o \u00e9 signat\u00e1ria do mesmo, porque \u00a0n\u00e3o quiseram, verdadeiramente, que houvesse a nossa participa\u00e7\u00e3o. Reafirmamos que em nenhum momento nos colocamos contra a discuss\u00e3o de um novo projeto de gest\u00e3o ambiental, mas\u00a0 sim que ele n\u00e3o fosse discutido da forma assoberbada como est\u00e1 sendo, atrav\u00e9s do regime de urg\u00eancia.<\/p>\n<p>Vamos dar ampla publicidade a todos aqueles que, neste que \u00e9 talvez o pior e mais triste momento da hist\u00f3ria ambiental de Minas Gerais, com grav\u00edssimo impacto social, se mantiveram insens\u00edveis aos apelos da sociedade para debater e produzir uma legisla\u00e7\u00e3o ambiental que melhor se preste \u00e0 conserva\u00e7\u00e3o da natureza, \u00e0 manuten\u00e7\u00e3o da qualidade de vida e \u00e0 adequada gest\u00e3o ambiental e que continuam priorizando a tramita\u00e7\u00e3o deste PL de interesse do poder econ\u00f4mico, quando n\u00e3o \u00e9 hora de alterar a legisla\u00e7\u00e3o sem considerar, criteriosamente, os efeitos e mecanismos sociais de controle necess\u00e1rios para tal.<\/p>\n<p>Serenamente queremos deixar\u00a0 claro que as nossas lutas continuaram e n\u00e3o ser\u00e1 este PL que ir\u00e1 nos fazer calar, nos cercear ou impedir que os movimentos sociais continuem lutando pelo ambiente ecologicamente equilibrado, bem de uso comum do povo e essencial \u00e0 sadia qualidade de vida, conforme estabelece o art. 225 da Constitui\u00e7\u00e3o Federal Brasileira, j\u00e1 que o Estado vem falhando em garantir este direito \u00e0 sociedade, e se mostrando incapaz de preservar o que nos resta de ambiente natural para as presentes e futuras gera\u00e7\u00f5es.<\/p>\n<p>&nbsp;<\/p>\n<p>&nbsp;<\/p>\n<p align=\"center\">FRENTE AMPLA CONTRA O PL 2946\/2015<\/p>\n<p>&#8212;<\/p>\n<div><strong><span style=\"color: #009900; font-family: georgia, serif;\">ONG Abrace a Serra da Moeda<\/span><\/strong><\/div>\n","protected":false},"excerpt":{"rendered":"<p>N\u00c3O VAMOS PACTUAR COM A ENCENA\u00c7\u00c3O DE PARTICIPA\u00c7\u00c3O NO PL 2946\/2015 &nbsp; As entidades socioambientais, sindicais e acad\u00eamicas, reunidas na\u00a0FRENTE&#8230;<\/p>\n","protected":false},"author":2,"featured_media":0,"comment_status":"closed","ping_status":"open","sticky":false,"template":"","format":"standard","meta":{"footnotes":""},"categories":[8],"tags":[],"_links":{"self":[{"href":"https:\/\/fonasc-cbh.org.br\/index.php?rest_route=\/wp\/v2\/posts\/14560"}],"collection":[{"href":"https:\/\/fonasc-cbh.org.br\/index.php?rest_route=\/wp\/v2\/posts"}],"about":[{"href":"https:\/\/fonasc-cbh.org.br\/index.php?rest_route=\/wp\/v2\/types\/post"}],"author":[{"embeddable":true,"href":"https:\/\/fonasc-cbh.org.br\/index.php?rest_route=\/wp\/v2\/users\/2"}],"replies":[{"embeddable":true,"href":"https:\/\/fonasc-cbh.org.br\/index.php?rest_route=%2Fwp%2Fv2%2Fcomments&post=14560"}],"version-history":[{"count":3,"href":"https:\/\/fonasc-cbh.org.br\/index.php?rest_route=\/wp\/v2\/posts\/14560\/revisions"}],"predecessor-version":[{"id":14563,"href":"https:\/\/fonasc-cbh.org.br\/index.php?rest_route=\/wp\/v2\/posts\/14560\/revisions\/14563"}],"wp:attachment":[{"href":"https:\/\/fonasc-cbh.org.br\/index.php?rest_route=%2Fwp%2Fv2%2Fmedia&parent=14560"}],"wp:term":[{"taxonomy":"category","embeddable":true,"href":"https:\/\/fonasc-cbh.org.br\/index.php?rest_route=%2Fwp%2Fv2%2Fcategories&post=14560"},{"taxonomy":"post_tag","embeddable":true,"href":"https:\/\/fonasc-cbh.org.br\/index.php?rest_route=%2Fwp%2Fv2%2Ftags&post=14560"}],"curies":[{"name":"wp","href":"https:\/\/api.w.org\/{rel}","templated":true}]}}