{"id":14392,"date":"2015-11-08T16:25:02","date_gmt":"2015-11-08T16:25:02","guid":{"rendered":"http:\/\/fonasc-cbh.org.br\/?p=14392"},"modified":"2017-02-21T01:45:42","modified_gmt":"2017-02-21T01:45:42","slug":"fonasc-mg-divulga-samarcovale-causa-tragedia-de-proporcoes-epicas-em-minas-gerais","status":"publish","type":"post","link":"https:\/\/fonasc-cbh.org.br\/?p=14392","title":{"rendered":"LUTO &#8211;  TRAG\u00c9DIA em BENTO RODRIGUES e outras comunidades pr\u00f3ximas (Mariana)  e na Bacia do Rio Doce     NOTA DE LUTO E SOLIDARIEDADE DA FRENTE AMPLA CONTRA O PL 2946"},"content":{"rendered":"<p>&nbsp;<\/p>\n<p><strong>\u00a0TRAGEDIA EM BENTO RODRIGUES<\/strong>\u00a0<strong>\u00a0e outras comunidades pr\u00f3ximas (Mariana)<\/strong><\/p>\n<p align=\"center\"><strong>e na Bacia do Rio Doce<\/strong><\/p>\n<p align=\"center\"><a href=\"https:\/\/fonasc-cbh.org.br\/?attachment_id=14405\" rel=\"attachment wp-att-14405\"><img loading=\"lazy\" decoding=\"async\" class=\"aligncenter size-full wp-image-14405\" title=\"imageBENTIORODRIVGUES\" src=\"https:\/\/fonasc-cbh.org.br\/wp-content\/uploads\/imageBENTIORODRIVGUES-e1447076575382.jpg\" alt=\"\" width=\"580\" height=\"433\" \/><\/a><\/p>\n<p align=\"center\"><strong>\u00a0<\/strong><\/p>\n<p align=\"center\"><strong>NOTA DE LUTO E SOLIDARIEDADE<\/strong><\/p>\n<p align=\"center\"><strong><br \/>\n<\/strong><\/p>\n<p>As 117 organiza\u00e7\u00f5es, entidades, movimentos e todos os cidad\u00e3os que fazem parte da Frente Ampla Contra o Projeto de Lei n\u00ba 2946\/2015, manifestam seu luto pelas perdas de vidas e sua solidariedade aos sobreviventes da trag\u00e9dia, moradores do Distrito de Bento Rodrigues e outras comunidades pr\u00f3ximas assim como trabalhadores da empresa Samarco (Vale\/BHP), em Mariana, devido ao desmoronamento criminoso das barragens do Fund\u00e3o e Santar\u00e9m.<\/p>\n<p>&nbsp;<\/p>\n<p>Nas \u00faltimas 72 horas nossas vidas est\u00e3o interligadas com o sofrimento de quem vivenciou t\u00e3o violento impacto e com o significado da gigantesca devasta\u00e7\u00e3o ambiental e social de<a title=\"asd\" href=\"http:\/\/www.otempo.com.br\/cidades\/v%C3%ADdeo-mostra-bento-rodrigues-antes-da-trag%C3%A9dia-1.1159948\" target=\"_blank\"> Bento Rodrigues<\/a>, regi\u00f5es pr\u00f3ximas e os trechos da Bacia do Rio Doce por onde os rejeitos t\u00f3xicos seguem numa trilha de destrui\u00e7\u00e3o sem precedentes.<\/p>\n<p>&nbsp;<\/p>\n<p>N\u00e3o h\u00e1 mais como pensar em Minas Gerais sem lembrar desta p\u00e1gina nunca antes imaginada em nossa hist\u00f3ria, j\u00e1 repleta de situa\u00e7\u00f5es de impacto oriundas de um modelo de economia e governan\u00e7a neocolonial extrativista intensa e desmedida.<\/p>\n<p>&nbsp;<\/p>\n<p>A mem\u00f3ria desta trag\u00e9dia nos manter\u00e1 mais fortes no empenho e mobiliza\u00e7\u00e3o contra o PL 2946\/2015, que exclui a sociedade do processo decis\u00f3rio e n\u00e3o prev\u00ea real melhoria nas estruturas de licenciamento e fiscaliza\u00e7\u00e3o, apresentado em regime de urg\u00eancia pelo Governador Pimentel e\u00a0incondicionalmente apoiado pela Federa\u00e7\u00e3o de Ind\u00fastrias de Minas Gerais (FIEMG) e\u00a0Sindicato da Ind\u00fastria Mineral do Estado de Minas Gerais\u00a0(Sindiextra).<\/p>\n<p>&nbsp;<\/p>\n<p>Licenciamentos de projetos priorit\u00e1rios para o Governo do Estado n\u00e3o podem ser agilizados, porque intensificar\u00e3o o processo de colapso ambiental e da crise h\u00eddrica no Estado de Minas Gerais. Somado com os impactos das mudan\u00e7as clim\u00e1ticas, temos a certeza que o PL ampliar\u00e1 a probabilidade de novas trag\u00e9dias sociambientais no futuro.<\/p>\n<p align=\"center\"><strong>\u00a0<\/strong><\/p>\n<p align=\"center\"><strong>FRENTE AMPLA CONTRA O PL 2946\/2015<\/strong><\/p>\n<p align=\"center\"><strong><br \/>\n<\/strong><\/p>\n<p><strong><img loading=\"lazy\" decoding=\"async\" src=\"https:\/\/us-mg6.mail.yahoo.com\/ya\/download?mid=2%5f0%5f0%5f1%5f24793154%5fAIpL2kIAABAJVkCH1QaXgJBpyQE&amp;m=YaDownload&amp;pid=3&amp;fid=Inbox&amp;inline=1&amp;appid=yahoomail\" alt=\"\" width=\"265\" height=\"118\" \/><br \/>\n\u200b<\/strong><\/p>\n<p>&nbsp;<\/p>\n<p>&nbsp;<\/p>\n<p>Link S do evento:<\/p>\n<div><br clear=\"all\" \/>Algumas Repercuss\u00f5es Jur\u00eddicas do Crime da Samarco (BHP\/Vale) em MG<\/div>\n<div id=\"yiv1438577013post-body-1863417893112264165\">\n<div id=\"yui_3_16_0_1_1447124333651_3709\" dir=\"ltr\">\n<div>O acidente da Samarco (Vale\/BHP) em Mariana-MG, no dia 05 de novembro de 2015, causou uma dor enorme em todas as v\u00edtimas diretas e indiretas desse ato criminoso contra a vida, sociedade e meio ambiente. Essa trag\u00e9dia, talvez a maior na hist\u00f3ria do Brasil, \u00e9 um atentado contra os direitos humanos e como tal deve ser tratado pelas autoridades.<\/div>\n<div>Nesse primeiro momento as aten\u00e7\u00f5es est\u00e3o voltadas para tentar localizar sobreviventes e evitar maiores danos, mas h\u00e1 repercuss\u00f5es na esfera jur\u00eddica que devem ser objeto de preocupa\u00e7\u00e3o por parte da popula\u00e7\u00e3o mineira, v\u00edtima indireta desse dano de dimens\u00f5es gigantescas.<\/div>\n<div>Os danos chegaram at\u00e9 o Esp\u00edrito Santo j\u00e1 que a bacia do Rio Doce foi brutalmente afetada. Essa bacia, que passa por Minas Gerais e Esp\u00edrito Santo, pertence \u00e0 Uni\u00e3o, fato que atrai a compet\u00eancia federal para o caso, o que repercute na atua\u00e7\u00e3o da Pol\u00edcia Federal, Minist\u00e9rio P\u00fablico Federal e IBAMA. Todos os \u00f3rg\u00e3os, de todas as esferas federativas &#8211; Munic\u00edpio de Mariana, Estado de Minas Gerais e Uni\u00e3o Federal \u2013 est\u00e3o envolvidos e s\u00e3o respons\u00e1veis pela persecu\u00e7\u00e3o penal e administrativa do caso.<\/div>\n<div>No que se refere \u00e0 esfera civil, as v\u00edtimas diretas dessa trag\u00e9dia n\u00e3o deveriam estar dependentes de doa\u00e7\u00f5es de \u00e1gua e demais itens de sobreviv\u00eancia, como tem sido demonstrado pela imprensa e organiza\u00e7\u00f5es civis de apoio aos sobreviventes. Independente da futura indeniza\u00e7\u00e3o material, moral e coletiva, a mineradora deveria estar garantindo absolutamente todos os itens necess\u00e1rios para as comunidades v\u00edtimas de seu tsunami de rejeito. Essas fam\u00edlias, desalojadas, tinham uma din\u00e2mica de vida que lhes foi amputada. Talvez seja preciso uma aten\u00e7\u00e3o especial tamb\u00e9m da Defensoria P\u00fablica no sentido de orientar as v\u00edtimas dessa trag\u00e9dia e preveni-las dos oportunistas de plant\u00e3o. Liminares deveriam garantir o suporte material e psicol\u00f3gico imediato, sem preju\u00edzo da futura indeniza\u00e7\u00e3o cab\u00edvel.<\/div>\n<div>Na esfera penal h\u00e1 reflexos graves, pessoas morreram, o patrim\u00f4nio p\u00fablico e particular foi violentado, os danos ao meio ambiente e recursos h\u00eddricos s\u00e3o incomensur\u00e1veis. A Lei de Crimes Ambientais prev\u00ea pena de reclus\u00e3o de 1 a 4 anos e multa para aquele que \u201ccausar polui\u00e7\u00e3o de qualquer natureza em n\u00edveis tais que resultem ou possam resultar em danos \u00e0 sa\u00fade humana, ou que provoquem a mortandade de animais ou a destrui\u00e7\u00e3o significativa da flora\u201d. Agrava a pena para 5 anos de reclus\u00e3o e multa se \u201co crime tornar uma \u00e1rea, urbana ou rural, impr\u00f3pria para a ocupa\u00e7\u00e3o humana, causar polui\u00e7\u00e3o h\u00eddrica que torne necess\u00e1ria a interrup\u00e7\u00e3o do abastecimento p\u00fablico de \u00e1gua de uma comunidade\u201d. A empresa \u00e9, portanto, pass\u00edvel de responsabiliza\u00e7\u00e3o criminal, seja pelo homic\u00eddio culposo (ou doloso, se for o caso), quanto pela Lei de Crimes Ambientais. Al\u00e9m disso, h\u00e1 que se valorar o dano ambiental e h\u00eddrico causado, h\u00e1 m\u00e9todos na economia e engenharia para isso. \u00c9 poss\u00edvel que o valor dos danos ambientais e coletivos supere o valor do investimento da empresa mineradora naquela localidade. Os respons\u00e1veis legais devem ser punidos de forma exemplar diante da gravidade do fato.<\/div>\n<div>A subservi\u00eancia dos Munic\u00edpios, Estado e Uni\u00e3o com as mineradoras tem que acabar. Desde o DNPM (Departamento Nacional de Produ\u00e7\u00e3o Mineral), com processos de licenciamento mineral sigilosos, passando pela Secretaria de Estado de Meio Ambiente e Desenvolvimento Sustent\u00e1vel (SEMAD) que estuda estrat\u00e9gias para facilitar os licenciamentos ambientais e h\u00eddricos at\u00e9 as prefeituras, ref\u00e9ns das mineradoras como usu\u00e1rias de craque.<\/div>\n<div>\u00c9 preciso que esse fato tr\u00e1gico seja um marco na hist\u00f3ria de Minas, com uma mudan\u00e7a de postura imediata, a come\u00e7ar pela retirada de pauta o Projeto de Lei Estadual 2.946\/2015, que d\u00e1 poderes ao Conselho Estadual de Desenvolvimento Econ\u00f4mico e Social \u2013 CEDES para identificar os processos de licenciamento considerados priorit\u00e1rios ou relevantes pelo Governo para que uma superintend\u00eancia especial, vinculada \u00e0 SEMAD, os conclua. Essa barragem da BHP\/VALE certamente seria um caso de projeto priorit\u00e1rio ou relevante. N\u00e3o se trata de defender que o licenciamento moroso \u00e9 sin\u00f4nimo de qualidade t\u00e9cnica, mas certamente possibilita o contradit\u00f3rio social do empreendimento, vale dizer, a manifesta\u00e7\u00e3o das comunidades envolvidas que tem direito sobre esses territ\u00f3rios. Ademais, delegar ao Conselho de Desenvolvimento Econ\u00f4mico o poder de destacar certas atividades e, ainda, atribuir a compet\u00eancia para decis\u00e3o sobre o licenciamento ambiental a um \u00f3rg\u00e3o vinculado ao gabinete da SEMAD, mais parece um tribunal de exce\u00e7\u00e3o ambiental do que um processo administrativo de um Estado Democr\u00e1tico de Direito.<\/div>\n<div>As reflex\u00f5es que ficam s\u00e3o: O que os \u00f3rg\u00e3os competentes far\u00e3o com as mais de 700 barragens de rejeito em Minas Gerais? Os respons\u00e1veis pela trag\u00e9dia ser\u00e3o punidos criminalmente por seus atos? Ser\u00e1 preciso mais quantas trag\u00e9dias para que o Poder P\u00fablico fa\u00e7a o seu papel de regulador e fiscalizador? Quais ser\u00e3o as puni\u00e7\u00f5es e solu\u00e7\u00f5es para o agravamento da crise h\u00eddrica na regi\u00e3o sudeste do Pa\u00eds ocasionada pelo rompimento dessa barragem?<\/div>\n<div id=\"yui_3_16_0_1_1447124333651_3825\">\u00c9 preciso a puni\u00e7\u00e3o de forma exemplar dos respons\u00e1veis legais da empresa Samarco (BHP\/Vale). A atividade de minera\u00e7\u00e3o, sem acidentes, j\u00e1 \u00e9 excessivamente causadora de impactos ambientais em especial nos recursos h\u00eddricos. Espera-se que esse fato seja um marco hist\u00f3rico que desperte uma postura ostensiva por parte do Poder P\u00fablico (Executivo, Legislativo e Judici\u00e1rio) no que se refere \u00e0 fiscaliza\u00e7\u00e3o, licenciamento dessas atividades e puni\u00e7\u00e3o por danos. As preocupa\u00e7\u00f5es devem ser voltadas para os valores constitucionais da dignidade humana, vidas, meio ambiente em detrimento do fomento \u00e0 atividade econ\u00f4mica mineral. O Estado de Minas Gerais precisa se adequar ao s\u00e9culo 21, com uma ind\u00fastria moderna, limpa, sem riscos de danos \u00e0s vidas, fauna, meio ambiente e recursos h\u00eddricos. \u00c9 preciso abrir a caixa preta da minera\u00e7\u00e3o no Estado de Minas Gerais.<\/div>\n<div id=\"yui_3_16_0_1_1447124333651_3807\">\u00a0Beatriz Vignolo Silva \u2013 OAB\/MG 115.797<\/div>\n<\/div>\n<\/div>\n<p id=\"yui_3_16_0_1_1447124333651_3806\">\u00a0<a id=\"yui_3_16_0_1_1447124333651_3810\" style=\"font-family: Arial; font-size: x-small;\" title=\"asd\" href=\"http:\/\/www.abraceaserradamoeda.blogspot.com.br\/2015\/11\/algumas-repercussoes-juridicas-do-crime.html\" rel=\"nofollow\" target=\"_blank\">http:\/\/www.abraceaserradamoeda.blogspot.com.br\/2015\/11\/algumas-repercussoes-juridicas-do-crime.html<\/a><\/p>\n<p><a title=\"ZSDF\" href=\"http:\/\/www.em.com.br\/app\/noticia\/gerais\/2015\/11\/07\/interna_gerais,705421\/recuperacao-ambiental-na-regiao-de-bento-rodrigues-vai-demorar-de-10-a.shtml\" target=\"_blank\">http:\/\/www.em.com.br\/app\/noticia\/gerais\/2015\/11\/07\/interna_gerais,705421\/recuperacao-ambiental-na-regiao-de-bento-rodrigues-vai-demorar-de-10-a.shtml<\/a><\/p>\n<p><a href=\"https:\/\/www.facebook.com\/events\/1693906427508968\/\" rel=\"nofollow\" target=\"_blank\">https:\/\/www.facebook.com\/events\/1693906427508968\/<\/a><\/p>\n<div>Post para replicar:<\/div>\n<div><a href=\"https:\/\/www.facebook.com\/1687709248110367\/photos\/a.1688405921374033.1073741827.1687709248110367\/1688405898040702\/?type=3&amp;theater\" rel=\"nofollow\" target=\"_blank\">https:\/\/www.facebook.com\/1687709248110367\/photos\/a.1688405921374033.1073741827.1687709248110367\/1688405898040702\/?type=3&amp;theater<\/a><\/div>\n<p><strong><br \/>\n<\/strong><\/p>\n<p><strong><img loading=\"lazy\" decoding=\"async\" src=\"https:\/\/us-mg6.mail.yahoo.com\/ya\/download?mid=2%5f0%5f0%5f1%5f24793154%5fAIpL2kIAABAJVkCH1QaXgJBpyQE&amp;m=YaDownload&amp;pid=2&amp;fid=Inbox&amp;inline=1&amp;appid=yahoomail\" alt=\"\" width=\"534\" height=\"300\" \/><br \/>\n\u200b<\/strong><\/p>\n<p><a title=\"ASD\" href=\"https:\/\/br.video.search.yahoo.com\/search\/video;_ylt=AwrBTv3EoEBW2GMARA3z6Qt.;_ylu=X3oDMTE2NWtyYmR0BGNvbG8DYmYxBHBvcwMxBHZ0aWQDTVNZQlIwMV8xBHNlYwNwaXZz?p=bento+rodrigues&amp;fr=ush-mail&amp;fr2=piv-web\" target=\"_blank\">\u00a0VIDEOS\u00a0<\/a><\/p>\n<p><em id=\"yui_3_16_0_1_1447124333651_15031\">\u201cN\u00f3s estamos falando de uma empresa que \u00e9 composta por duas grandes gigantes da minera\u00e7\u00e3o mundial. S\u00e3o as empresas mais avan\u00e7adas em termos de minera\u00e7\u00e3o, que \u00e9 a Vale e a Billiton. As duas s\u00e3o as donas da Samarco. S\u00e3o empresas que s\u00e3o detentoras de alt\u00edssima tecnologia: s\u00e3o as maiores gigantes da minera\u00e7\u00e3o no mundo. A pergunta \u00e9: por que continuam usando tecnologia rudimentar e prec\u00e1ria aqui no Brasil, em Minas Gerais?\u201d\u00a0<\/em><\/p>\n<p>A fala \u00e9 de Andr\u00e9a Zhouri entrevistada hoje por \u00c9rica Toledo, para o programa Opini\u00e3o Minas.<\/p>\n<p id=\"yui_3_16_0_1_1447124333651_15021\">Vale ver o que ela diz sobre a absurda trag\u00e9dia de Mariana, sobre a minera\u00e7\u00e3o (\u201cIsso \u00e9 extra\u00e7\u00e3o bruta de pedra, de min\u00e9rio, pra exportar para a China! (\u2026) Minera\u00e7\u00e3o \u00e9 atividade de pa\u00eds subdesenvolvido, subserviente\u201d), o sucateamento dos \u00f3rg\u00e3os ambientais e a falta de respeito dos governantes por tod@s n\u00f3s. Como ela diz, \u201ca sociedade est\u00e1 nas ruas. O que falta para as autoridades ouvirem a sociedade?\u201d. Vale assistir\u00a0e refletir.<\/p>\n<p id=\"yui_3_16_0_1_1447124333651_15010\">veja mais em\u00a0<a href=\"https:\/\/www.youtube.com\/watch?time_continue=201&amp;v=Bgljz2sZXG4\" rel=\"nofollow\" target=\"_blank\">https:\/\/www.youtube.com\/watch?time_continue=201&amp;v=Bgljz2sZXG4<\/a><\/p>\n<p><span style=\"font-size: 1.17em;\">Samarco\/Vale causa Trag\u00e9dia de Propor\u00e7\u00f5es \u00c9picas em Minas Gerais<\/span><\/p>\n<div id=\"main\">\n<div id=\"paneshell\">\n<div id=\"shellcontent\">\n<div id=\"shellinner\">\n<div id=\"yui_3_16_0_1_1446999172336_2163\" data-tid=\"yui_3_16_0_1_1446999172336_2135\" data-title=\"Samarco\/Vale causa Trag\u00e9dia de Propor\u00e7\u00f5es \u00c9picas em Minas Gerais\">\n<div id=\"yui_3_16_0_1_1446999172336_2172\">\n<div id=\"yui_3_16_0_1_1446999172336_2208\">\n<div id=\"yui_3_16_0_1_1446999172336_2198\">\n<div id=\"yui_3_16_0_1_1446999172336_2465\" data-mid=\"AE2\/imIAAAK3Vj9NvAJRwJhv91E\" data-action=\"select-thread\">\n<div id=\"yui_3_16_0_1_1446999172336_2466\">\n<div id=\"yui_3_16_0_1_1446999172336_2499\">\n<div id=\"yiv9785860884\">\n<div dir=\"ltr\">\n<div><span style=\"color: #000000; font-size: small;\">O rompimento de uma barragem de rejeitos da empresa Samarco\/Vale, em Mariana, a 116 km da capital mineira, tomou propor\u00e7\u00f5es \u00e9picas. Com um saldo at\u00e9 agora de 2 mortos mais 28 desaparecidos, sendo tr\u00eas crian\u00e7as, os danos ambientais s\u00e3o incalcul\u00e1veis e certamente ultrapassar\u00e3o os limites do Estado de Minas Gerais, chegando at\u00e9 o Esp\u00edrito Santo.<\/span><\/div>\n<p><span style=\"font-size: small;\"><span style=\"color: #000000;\">Um\u00a0<em>tsunami<\/em><\/span><\/span><span style=\"color: #000000; font-size: small;\">\u00a0de rejeito de min\u00e9rio proveniente de duas barragens de rejeito invadiu o distrito de Bento Rodrigues, na cidade hist\u00f3rica de Mariana, e j\u00e1 deixou cerca de 500 desabrigados. Enquanto a lama avan\u00e7ava sobre as casas, carros e toda a comunidade, era preciso correr para sobreviver e ajudar a salvar parentes, amigos e vizinhos. Sem um alerta sonoro ou um plano de emerg\u00eancia para salvar quem estava \u00e0 jusante, os danos \u00e0 vida s\u00e3o incomensur\u00e1veis.<\/span><\/p>\n<p><span style=\"color: #000000; font-size: small;\">\u00c9 cedo ainda para afirmar o que houve, mas o certo \u00e9 que, se uma empresa como a Samarco &#8211; que tem a BHP como operadora da mina e a Vale como acionista, com 50% &#8211; n\u00e3o \u00e9 capaz de evitar e t\u00e3o pouco gerenciar os riscos e danos de suas barragens de rejeito, o que podemos pensar de outras mineradoras que n\u00e3o operam em pa\u00edses com alto padr\u00e3o operacional, como Austr\u00e1lia e Canad\u00e1?<\/span><\/p>\n<p><span style=\"font-size: small;\">Seja qual for o motivo da ruptura dessas barragens, um acidente dessa propor\u00e7\u00e3o n\u00e3o poderia ter acontecido. N\u00e3o interessa se foi falha t\u00e9cnica, humana ou fen\u00f4meno da natureza, o fato \u00e9 que a empresa deveria garantir, acima de qualquer circunst\u00e2ncia, a seguran\u00e7a das pessoas que est\u00e3o \u00e0 jusante da barragem.\u00a0\u00a0<\/span><\/p>\n<p><span style=\"font-size: small;\"><span style=\"color: #000000;\">A ONG Abrace a Serra da Moeda manifesta sua solidariedade \u00e0s v\u00edtimas dessa trag\u00e9dia e se coloca \u00e0 disposi\u00e7\u00e3o para ajudar no que for preciso para enfrentar as consequ\u00eancias de ato delinquente com o povo mineiro. Esperamos que esse acidente seja para o Poder P\u00fablico um marco na sua mudan\u00e7a de postura com rela\u00e7\u00e3o \u00e0s mineradoras \u2013marcada pela\u00a0subservi\u00eancia- e que os culpados sejam responsabilizados de forma exemplar.<\/span><\/span><\/p>\n<p><span style=\"font-family: 'Times New Roman'; font-size: small;\">Mais informa\u00e7\u00f5es no blog:\u00a0<\/span><a style=\"font-family: 'Times New Roman'; font-size: small;\" href=\"http:\/\/www.abraceaserradamoeda.blogspot.com.br\/\" rel=\"nofollow\" target=\"_blank\">http:\/\/www.abraceaserradamoeda.blogspot.com.br\/<\/a><\/p>\n<p><a title=\"nnn\" href=\"http:\/\/www.cprm.gov.br\/sace\/index_bacias_monitoradas.php#\" target=\"_blank\">&#8211; Acompanhamento da transla\u00e7\u00e3o da onda de cheia em tempo real pelos dados esta\u00e7\u00f5es telem\u00e9tricas instaladas ao longo do rio Doce:<\/a><\/p>\n<div id=\"yui_3_16_0_1_1446999172336_5954\"><a title=\"asd\" href=\"http:\/\/www.cbhdoce.org.br\/wp-content\/uploads\/2015\/11\/NOTA-DOCE.pdf\" target=\"_blank\">segue link de\u00a0COMUNICADO SOBRE O RIO DOCE da ANA<\/a><\/div>\n<p><a id=\"yui_3_16_0_1_1446999172336_5951\" href=\"http:\/\/www.cbhdoce.org.br\/wp-content\/uploads\/2015\/11\/NOTA-DOCE.pdf\" rel=\"nofollow\" shape=\"rect\" target=\"_blank\">http:\/\/www.cbhdoce.org.br\/wp-content\/uploads\/2015\/11\/NOTA-DOCE.pdf<\/a><\/p>\n<p>outros impactos ecologicos discutidos na lista de discussao do fonasc<\/p>\n<p>&nbsp;<\/p>\n<div>\n<p>-Prezados,<\/p>\n<p>Temos uma situa\u00e7\u00e3o at\u00edpica de litoral aqui no ES.<\/p>\n<p>Repito: voc\u00eas n\u00e3o fazem ideia!!!!<\/p>\n<p>Temos uma cordilheira submarina que faz barreira nas correntes submarinas em frente ao local, formando um giro de 70 km de di\u00e2metro que far\u00e1 a conten\u00e7\u00e3o destes sedimentos nesta \u00e1rea espec\u00edfica que dimensionei.<\/p>\n<p>\u00c9 claro que os sedimentos chegar\u00e3o a\u00ed sim, como t\u00eam chegado por mais de 120 milh\u00f5es de anos.<\/p>\n<p>Se o ge\u00f3logo diz que n\u00e3o, o ec\u00f3logo diz que sim e sem d\u00favida!!!<\/p>\n<p>N\u00e3o sou leigo. Os fundamentos de convic\u00e7\u00e3o do ge\u00f3logo s\u00e3o fr\u00e1geis e pior, incompletos pois desconsideram a exist\u00eancia do o\u00e1sis marinho que \u00e9 a foz do Rio Doce e n\u00e3o deve saber dos efeitos que a cordilheira Vit\u00f3ria-Trindade t\u00eam no meio ambiente do oceano Atl\u00e2ntico e do continente da Am\u00e9rica do Sul..<\/p>\n<p>E quanto \u00e0s listas de esp\u00e9cies do rio agora extintas?<\/p>\n<p>N\u00e3o fala nada?<\/p>\n<p>&nbsp;<\/p>\n<p>&#8211; A caracteriza\u00e7\u00e3o f\u00edsico-qu\u00edmica dos sedimentos deveria estar descrita no EIA\/RIMA de licenciamento do empreendimento.<\/p>\n<p>Aqui no ES, sedimentos relacionados a pellets de min\u00e9rio de ferro t\u00eam revelado composi\u00e7\u00e3o de cromo, c\u00e1dmio, ars\u00eanio e merc\u00fario, sim.<\/p>\n<p>Inclusive em lagoa da SAMARCO, lagoa de Maimb\u00e1 entre Guarapari e Anchieta, j\u00e1 detectamos merc\u00fario. E o pellets da SAMARCO vem de MG pelo mineroduto.<\/p>\n<p>E n\u00e3o se pode desvincular a responsabilidade da VALE.<\/p>\n<p>Os metais pesados s\u00e3o cumulativos e persistentes na cadeia alimentar.<\/p>\n<p>Portanto, no local de origem da maior cadeia alimentar do oceano atl\u00e2ntico \u00e9 de se imaginar que o efeito cumulativo chegar\u00e1 no topo da cadeia alimentar.<\/p>\n<p>\u00c9 importante ter uma ideia do dimensionamento das coisas no tempo.<\/p>\n<p>Pois este \u00e9 o tempo de monitoramento e controle necess\u00e1rios.<\/p>\n<p>Andr\u00e9 Ruschi<\/p>\n<p>&#8211;\u00a0<strong>De:<\/strong>\u00a0<a href=\"mailto:fonasc.cbh@grupos.com.br\" target=\"_blank\">fonasc.cbh@grupos.com.br<\/a>\u00a0[mailto:<a href=\"mailto:fonasc.cbh@grupos.com.br\" target=\"_blank\">fonasc.cbh@grupos.com.<wbr>br<\/wbr><\/a>]\u00a0<strong>Em nome de\u00a0<\/strong><a href=\"mailto:marcelo@ecologia.pro.br\" target=\"_blank\">marcelo@ecologia.pro.br<\/a><\/p>\n<div>\n<div>\n<p><strong>Enviada em:<\/strong>\u00a0domingo, 8 de novembro de 2015 20:23<br \/>\n<strong>Para:<\/strong>\u00a0<a href=\"mailto:fonasc.cbh@grupos.com.br\" target=\"_blank\">fonasc.cbh@grupos.com.br<\/a><br \/>\n<strong>Assunto:<\/strong>\u00a0Re: RES: [[FONASC-CBH]] 48\u00c2\u00ba CBQ &#8211; QUANTIFICA\u00d8\u00a7\u00d8\u00a3O, ADSOR\u00d8\u00a7\u00d8\u00a3O E RECICLAGEM DE \u00c3\u2030TER-AMINAS EM REJEITOS DA FLOTA\u00d8\u00a7\u00d8\u00a3O DE MIN\u00d8\u00a9RIO DE FERRO<\/p>\n<\/div>\n<\/div>\n<p>-Caro Andr\u00e9<\/p>\n<div>\n<p>O cen\u00e1rio \u00e9 de terra arrasada, mas n\u00e3o me parece ter dimens\u00f5es t\u00e3o devastadoras a ponto de contaminar o litoral. O poder de decanta\u00e7\u00e3o e degrada\u00e7\u00e3o por oxida\u00e7\u00e3o dos rios \u00e9 poderoso. De outra forma a polui\u00e7\u00e3o do Tiet\u00ea chegaria \u00e0 foz do Rio da Prata entre a Argentina e o Uruguai.<\/p>\n<\/div>\n<div>\n<p>Certamente que toda a bacia, por muitos quil\u00f4metros estar\u00e1 seriamente contaminada, destru\u00edda e impr\u00f3pria por dezenas de d\u00e9cadas, ser\u00e1 necess\u00e1rio um estudo deste impacto de forma a gerar protocolos para garantir prote\u00e7\u00e3o a popula\u00e7\u00f5es futuras. A mem\u00f3ria \u00e9 curta, mas os danos n\u00e3o. Certamente que nenhum alimento poder\u00e1 ser plantado neste vale, at\u00e9 mesmo pastagem para cria\u00e7\u00e3o, nenhum po\u00e7o poder\u00e1 tirar \u00e1gua e o monitoramento dever\u00e1 se estender por pelo menos 4 d\u00e9cadas nas primeiros quil\u00f4metros, e ao menos por 2 d\u00e9cadas nas regi\u00f5es mais afastadas a jusante. Esta monitoramento, a depender dos resultados, devem ser prorrogado por mais outras tantas d\u00e9cadas caso os dados justifiquem a necessidade.<\/p>\n<\/div>\n<div>\n<p>Quem poder\u00e1 acompanhar isso em Minas Gerais?<\/p>\n<div>\n<div>\n<div>\n<p><strong>Marcelo Pustilnik Vieira<\/strong><\/p>\n<\/div>\n<div>\n<p>Ge\u00f3logo e Professor de Ensino Superior<\/p>\n<\/div>\n<div>\n<p>\u00a0 \u00a0Em 8 de nov de 2015, \u00e0(s) 19:49,\u00a0<a href=\"mailto:ruschi1@terra.com.br\" target=\"_blank\">ruschi1@terra.com.br<\/a>\u00a0escreveu:<\/p>\n<\/div>\n<\/div>\n<\/div>\n<div>\n<blockquote><p>Esta sopa desce e descer\u00e1 por alguns anos toda vez que houver chuvas fortes e ir\u00e1 para a regi\u00e3o litor\u00e2nea do ES, espalhando-se por uns 3.000 km2 no litoral norte e uns 7000 km2 no litoral ao sul, atingindo tr\u00eas UCs marinhas \u2013 Comboios, APA Costa das Algas e RVS de Santa Cruz, que juntos somam uns 200.000 h\u00e1 no mar.<\/p>\n<div>\n<div>\n<p>&nbsp;<\/p>\n<\/div>\n<div>\n<p>Os minerais mais t\u00f3xicos e que est\u00e3o em pequenas quantidades na massa total da lama, aparecer\u00e3o concentrados na cadeia alimentar por muitos anos, talvez uns 100 anos.<\/p>\n<\/div>\n<div>\n<p>\u00a0<strong>RVS de Santa Cruz \u00e9 um dos mais importantes criadouros marinhos do Oceano Atl\u00e2ntico.\u00a0<\/strong><\/p>\n<\/div>\n<div>\n<p><strong>\u00a0<\/strong>1 h\u00e1 de criadouro marinho equivale a 100 h\u00e1 de floresta tropical prim\u00e1ria.<\/p>\n<\/div>\n<div>\n<p>Isto significa que o impacto no mar equivale a uma descarga t\u00f3xica que contaminaria uma \u00e1rea terrestre de de 20.000.000 de hectares ou\u00a0200.000 km2\u00a0de floresta tropical prim\u00e1ria.<\/p>\n<\/div>\n<div>\n<p>E a mata ciliar tamb\u00e9m tem valor em dobro.<\/p>\n<\/div>\n<div>\n<p>Considerando as duas margens s\u00e3o 1.500 km lineares x 2 = 3.000 km2 ou 300.000 h\u00e1 de floresta tropical prim\u00e1ria.<\/p>\n<\/div>\n<div>\n<p>&nbsp;<\/p>\n<\/div>\n<div>\n<p>Voces n\u00e3o fazem ideia.<\/p>\n<\/div>\n<div>\n<p>\u00a0O fluxo de nutrientes de toda a cadeia alimentar de 1\/3 da regi\u00e3o sudeste e o eixo de \u00bd do Oceano Atl\u00e2ntico Sul est\u00e1 comprometido e pouco funcional por no m\u00ednimo 100 anos!<\/p>\n<\/div>\n<div>\n<p>\u00a0Conclus\u00e3o: esta empresa tem que fechar.<\/p>\n<\/div>\n<div>\n<p>Al\u00e9m de pagar pelo assassinato da 5\u00aa maior bacia hidrogr\u00e1fica brasileira.<\/p>\n<\/div>\n<div>\n<p>Eles debocharam da preven\u00e7\u00e3o e s\u00e3o reincidentes em diversos casos.<\/p>\n<\/div>\n<div>\n<p>Demonstram incapacidade de opera\u00e7\u00e3o crassa e com consequ\u00eancias tr\u00e1gicas e incomensur\u00e1veis.<\/p>\n<\/div>\n<div>\n<p>Como n\u00e3o fechar?<\/p>\n<\/div>\n<div>\n<p>Representam perigo para a seguran\u00e7a da na\u00e7\u00e3o!<\/p>\n<\/div>\n<div>\n<p>&nbsp;<\/p>\n<\/div>\n<div>\n<p>O que restava de biodiversidade castigada pela seca agora terminou de ir.<\/p>\n<\/div>\n<div>\n<p>&nbsp;<\/p>\n<\/div>\n<div>\n<p>Quem sobreviver\u00e1?<\/p>\n<\/div>\n<div>\n<p>Quais esp\u00e9cies de peixes, anf\u00edbios, moluscos, anel\u00eddeos, insetos aqu\u00e1ticos jamais ser\u00e3o vistas novamente?<\/p>\n<\/div>\n<div>\n<p>&nbsp;<\/p>\n<\/div>\n<div>\n<p>A lista de esp\u00e9cies desaparecidas foram quantas?<\/p>\n<\/div>\n<div>\n<p>&nbsp;<\/p>\n<\/div>\n<div>\n<p>Se algu\u00e9m tiver informa\u00e7\u00f5es, ajudariam a pensar.<\/p>\n<\/div>\n<div>\n<p>&nbsp;<\/p>\n<\/div>\n<div>\n<p>Barragens e lagoas de conten\u00e7\u00e3o de dejetos necessitam ter barragens de emerg\u00eancia e plano de conting\u00eancia.<\/p>\n<\/div>\n<div>\n<p>Como licenciar o projeto sem estes quesitos cumpridos?<\/p>\n<\/div>\n<div>\n<p>Qual a legalidade da licen\u00e7a para opera\u00e7\u00e3o sem a garantia de seguran\u00e7a para a sociedade e o meio ambiente?<\/p>\n<\/div>\n<div>\n<p>&nbsp;<\/p>\n<\/div>\n<div>\n<p>Sendo Rio Federal a juridi\u00e7\u00e3o \u00e9 do governo federal portanto os encaminhamentos devem serem feitos ao MPF.<\/p>\n<\/div>\n<div>\n<p>&nbsp;<\/p>\n<\/div>\n<div>\n<p>Andr\u00e9 Ruschi<\/p>\n<\/div>\n<div>\n<p>Esta\u00e7\u00e3o Biologia Marinha Augusto Ruschi<\/p>\n<\/div>\n<div>\n<p>Aracruz, Santa Cruz, ES<\/p>\n<\/div>\n<div>\n<p>&nbsp;<\/p>\n<\/div>\n<div>\n<p>&nbsp;<\/p>\n<\/div>\n<div>\n<p>&nbsp;<\/p>\n<\/div>\n<div>\n<div>\n<p><strong>De:<\/strong>\u00a0<a href=\"mailto:fonasc.cbh@grupos.com.br\" target=\"_blank\">fonasc.cbh@grupos.com.br<\/a>\u00a0[<a href=\"mailto:fonasc.cbh@grupos.com.br\" target=\"_blank\"><wbr>mailto:fonasc.cbh@grupos.com.<wbr>br<\/wbr><\/wbr><\/a>]\u00a0<strong>Em nome de\u00a0<\/strong><a href=\"mailto:molinas.pedro@gmail.com\" target=\"_blank\">molinas.pedro@gmail.com<\/a><br \/>\n<strong>Enviada em:<\/strong>\u00a0domingo, 8 de novembro de 2015 13:13<br \/>\n<strong>Para:<\/strong>\u00a0<a href=\"mailto:fonasc.cbh@grupos.com.br\" target=\"_blank\">fonasc.cbh@grupos.com.br<\/a><br \/>\n<strong>Assunto:<\/strong>\u00a0Re: [[FONASC-CBH]] 48\u00ba CBQ &#8211; QUANTIFICA\u00c7\u00c3O, ADSOR\u00c7\u00c3O E RECICLAGEM DE \u00c9TER-AMINAS EM REJEITOS DA FLOTA\u00c7\u00c3O DE MIN\u00c9RIO DE FERRO<\/p>\n<\/div>\n<\/div>\n<div>\n<p>&nbsp;<\/p>\n<\/div>\n<p>&nbsp;<\/p>\n<div>\n<div>\n<p>O produto dissolvido na \u00e1gua \u00e9 ETERAMINAS, \u00e9 vendido com o nome comercial de\u00a0Tomamine DA-1214 ou similar, sua indica\u00e7\u00e3o \u00e9 &#8220;\u00c9ter-diamina desenvolvida para a remo\u00e7\u00e3o seletiva de s\u00edlica durante a flota\u00e7\u00e3o de min\u00e9rios&#8221;, veja site abaixo da AIR, uma multinacional que comercializa o produto em Minas Gerais<\/p>\n<\/div>\n<div>\n<p><a href=\"http:\/\/www.airproducts.com.br\/products\/product-finder\/product-list\/tomamine-ao-14-2-2.aspx?itemId=43A7B33979EE4288969D70229EB523BF&amp;itemType=tn\" target=\"_blank\">http:\/\/www.airproducts.com.br\/<wbr>products\/product-finder\/<wbr>product-list\/tomamine-ao-14-2-<wbr>2.aspx?itemId=<wbr>43A7B33979EE4288969D70229EB523<wbr>BF&amp;itemType=tn<\/wbr><\/wbr><\/wbr><\/wbr><\/wbr><\/a><\/p>\n<\/div>\n<div>\n<p>&nbsp;<\/p>\n<\/div>\n<div>\n<p>Samarc,o \u00a0na mina Germano, come\u00e7ou a implanta\u00e7\u00e3o desse processo \u00a02011 e conclui recentemente, a not\u00edcia esta neste site<\/p>\n<\/div>\n<div>\n<p>&nbsp;<\/p>\n<\/div>\n<div>\n<p><a href=\"http:\/\/www.e-mj.com\/36-news\/latin-america\/1157-samarco-begins-35b-iron-ore-expansion-project.html#.Vj9icrerQgs\" target=\"_blank\">http:\/\/www.e-mj.com\/36-news\/<wbr>latin-america\/1157-samarco-<wbr>begins-35b-iron-ore-expansion-<wbr>project.html#.Vj9icrerQgs<\/wbr><\/wbr><\/wbr><\/a><\/p>\n<\/div>\n<div>\n<p>&nbsp;<\/p>\n<\/div>\n<div>\n<p>Resumindo usa-se amido de milho e eteraminas para separar a s\u00edlica do ferro e enriquecer o teor deste \u00faltimo para depois pelletizar (formar\u00a0gr\u00e2nulos\u00a0de ferro de alta concentra\u00e7\u00e3o de metal)<\/p>\n<\/div>\n<div>\n<p>O processo opera com pH 10, ou seja altamente alcalino e incompat\u00edvel com a vida no rio.<\/p>\n<\/div>\n<div>\n<p>Essa sopa que desce o Rio Doce deve matar tudo o que encontre em seu caminho, inclusive mata ciliar<\/p>\n<\/div>\n<\/div>\n<div>\n<div>\n<p>&nbsp;<\/p>\n<\/div>\n<div>\n<div>\n<p>Em 8 de novembro de 2015 00:15, nycz &lt;<a href=\"mailto:zuleica.nycz@gmail.com\" target=\"_blank\">zuleica.nycz@gmail.com<\/a>&gt; escreveu:<\/p>\n<\/div>\n<div>\n<p>&nbsp;<\/p>\n<div>\n<div>\n<p>o produto usado poderia ser o \u00e1cido cian\u00eddrico, obtido a partir da oxida\u00e7\u00e3o do amon\u00edaco?<\/p>\n<\/div>\n<div>\n<p>&nbsp;<\/p>\n<\/div>\n<div>\n<p>&nbsp;<\/p>\n<\/div>\n<div>\n<div>\n<p><strong>De:<\/strong>\u00a0<a href=\"mailto:fonasc.cbh@grupos.com.br\" target=\"_blank\">fonasc.cbh@grupos.com.br<\/a>\u00a0[<wbr>mailto:<a href=\"mailto:fonasc.cbh@grupos.com.br\" target=\"_blank\">fonasc.cbh@grupos.com.<wbr>br<\/wbr><\/a>]\u00a0<strong>Em nome de\u00a0<\/strong><a href=\"mailto:molinas.pedro@gmail.com\" target=\"_blank\">molinas.pedro@gmail.com<\/a><br \/>\n<strong>Enviada em:<\/strong>\u00a0s\u00e1bado, 7 de novembro de 2015 13:09<br \/>\n<strong>Para:<\/strong>\u00a0<a href=\"mailto:fonasc.cbh@grupos.com.br\" target=\"_blank\">fonasc.cbh@grupos.com.br<\/a><br \/>\n<strong>Assunto:<\/strong>\u00a0Re: [[FONASC-CBH]] 48\u00ba CBQ &#8211; QUANTIFICA\u00c7\u00c3O, ADSOR\u00c7\u00c3O E RECICLAGEM DE \u00c9TER-AMINAS EM REJEITOS DA FLOTA\u00c7\u00c3O DE MIN\u00c9RIO DE FERRO<\/wbr><\/p>\n<\/div>\n<\/div>\n<div>\n<p>\u00a0N\u00e3o tenho not\u00edcias zuleica, esse cheiro que falam \u00e9 am\u00f3nia, parecido o produto usado no beneficiamento do minerio \u00e9 similar ao amon\u00edaco, um cheiro irritante \u00e0s narinas<\/p>\n<\/div>\n<div>\n<div>\n<p>\u00a0Pedro Molinas<\/p>\n<\/div>\n<div>\n<div>\n<p>\u00a0Em 7 de novembro de 2015 12:25, nycz &lt;<a href=\"mailto:zuleica.nycz@gmail.com\" target=\"_blank\">zuleica.nycz@gmail.com<\/a>&gt; escreveu:<\/p>\n<\/div>\n<div>\n<p>&nbsp;<\/p>\n<div>\n<div>\n<p>i Pedro, tamb\u00e9m foi dito que que h\u00e1 um cheiro muito forte de soda c\u00e1ustica nos rejeitos que vazaram..<\/p>\n<\/div>\n<div>\n<p>\u00a0Voc\u00ea sabe (ou tem como saber) se a comiss\u00e3o estadual do P2R2 de MG foi acionada e agiu prontamente ?\u00a0 \u00c9 que eu estava justamente naquele dia em uma reuni\u00e3o da CONASQ em Bras\u00edlia e n\u00f3s falamos dos problemas do P2R2, e da import\u00e2ncia dele funcionar com efici\u00eancia nos casos de acidentes qu\u00edmicos.<\/p>\n<\/div>\n<div>\n<p>&nbsp;<\/p>\n<\/div>\n<div>\n<p>Sei que MG tem uma comiss\u00e3o estadual do P2R2\u00a0<a href=\"http:\/\/www.mma.gov.br\/seguranca-quimica\/emergencias-ambientais\/plano-nacional-de-prevencao-preparacao-e-resposta-rapida-a-emergencias-ambientais-com-produtos-quimicos-perigosos\" target=\"_blank\">http:\/\/www.mma.gov.br\/<wbr>seguranca-quimica\/emergencias-<wbr>ambientais\/plano-nacional-de-<wbr>prevencao-preparacao-e-<wbr>resposta-rapida-a-emergencias-<wbr>ambientais-com-produtos-<wbr>quimicos-perigosos<\/wbr><\/wbr><\/wbr><\/wbr><\/wbr><\/wbr><\/a><\/p>\n<\/div>\n<div>\n<p>&nbsp;<\/p>\n<\/div>\n<div>\n<p>Abs.<\/p>\n<\/div>\n<div>\n<p>Zuleica<\/p>\n<\/div>\n<div>\n<p>&nbsp;<\/p>\n<\/div>\n<div>\n<p>&nbsp;<\/p>\n<\/div>\n<div>\n<div>\n<p><strong>De:<\/strong>\u00a0<a href=\"mailto:fonasc.cbh@grupos.com.br\" target=\"_blank\">fonasc.cbh@grupos.com.br<\/a>\u00a0[<wbr>mailto:<a href=\"mailto:fonasc.cbh@grupos.com.br\" target=\"_blank\">fonasc.cbh@grupos.com.<wbr>br<\/wbr><\/a>]\u00a0<strong>Em nome de\u00a0<\/strong><a href=\"mailto:molinas.pedro@gmail.com\" target=\"_blank\">molinas.pedro@gmail.com<\/a><br \/>\n<strong>Enviada em:<\/strong>\u00a0s\u00e1bado, 7 de novembro de 2015 00:02<br \/>\n<strong>Para:<\/strong>\u00a0<a href=\"mailto:fonasc.cbh@grupos.com.br\" target=\"_blank\">fonasc.cbh@grupos.com.br<\/a><br \/>\n<strong>Assunto:<\/strong>\u00a0[[FONASC-CBH]] 48\u00ba CBQ &#8211; QUANTIFICA\u00c7\u00c3O, ADSOR\u00c7\u00c3O E RECICLAGEM DE \u00c9TER-AMINAS EM REJEITOS DA FLOTA\u00c7\u00c3O DE MIN\u00c9RIO DE FERRO<\/wbr><\/p>\n<\/div>\n<\/div>\n<div>\n<div>\n<p>Os rejeitos de min\u00e9rio de ferro vazados em Mariana\u00a0tem certa toxicidade e amea\u00e7am o meio ambiente.<\/p>\n<\/div>\n<div>\n<div>\n<p>As\u00a0afirma\u00e7\u00f5es em comunicados de prensa da Samarco\/ Vale n\u00e3o s\u00e3o ver\u00eddicas.<\/p>\n<\/div>\n<div>\n<div>\n<p>O principal composto contaminante \u00e9 \u00e9ter-amina (nome comercial Tomamine), utilizado para facilitar a flutua\u00e7\u00e3o da s\u00edlica\u00a0nos tanques de beneficiamento de min\u00e9rio de ferro.<\/p>\n<\/div>\n<div>\n<p>\u00c9 biodegrad\u00e1vel, mas n\u00e3o \u00e9 qualquer bacteria que se alimenta dele.<\/p>\n<\/div>\n<div>\n<p>Pela publica\u00e7\u00e3o em anexo a degrada\u00e7\u00e3o depende de varios fatores complexos.<\/p>\n<\/div>\n<div>\n<div>\n<p>Todo o mundo que teve contato com a lama deve ter a pele\u00a0energicamente descontaminada usando sab\u00e3o neutro e escoba\u00e7\u00e3o.<\/p>\n<\/div>\n<div>\n<p>Os socorristas deveriam usar mascaras de\u00a0carv\u00e3o ativado para evitar inala\u00e7\u00f5es de amonia,\u00a0e as capta\u00e7\u00f5es de \u00e1gua para consumo humano\u00a0a jusante, se conseguir tratar a \u00e1gua com elevadas concentra\u00e7\u00f5es de s\u00edlica e\u00a0ferro em suspes\u00e3o, devem atentar para as \u00e9ter-aminas que n\u00e3o s\u00e3o trat\u00e1veis por m\u00e9todos convencionais.<\/p>\n<\/div>\n<\/div>\n<div>\n<p>&nbsp;<\/p>\n<\/div>\n<div>\n<p>Semana pr\u00f3xima o Rio Doce at\u00e9 Linhares vai estar com 3 cores, dependendo da disponibilidade de oxig\u00eanio: amarelo, vermelho ou preto.<\/p>\n<\/div>\n<div>\n<p>A principal a\u00e7\u00e3o das \u00e9ter-aminas, pelo que pesquisei, consiste em reduzir a tens\u00e3o superficial e facilitar a remobiliza\u00e7\u00e3o de sedimentos, n\u00e3o se sabe como isso pode atuar no ecosistema, mas sei, de antem\u00e3o, que n\u00e3o \u00e9 nada bom.<\/p>\n<\/div>\n<div>\n<p>\u00a0 a atribui\u00e7\u00e3o da ruptura da barragem a um suposto avalo s\u00edsmico \u00e9 realmente ris\u00edvel, um verdadeiro causo mineiro!!!<\/p>\n<\/div>\n<div>\n<p>Toda pessoa informada (exeto os jornalistas da Globo)\u00a0sabe\u00a0que as barragem de um modo geral\u00a0s\u00e3o projetadas\u00a0para suportar avalos s\u00edsmicos, cheias exepcionais e esvaziamento r\u00e1pido.<\/p>\n<\/div>\n<div>\n<p>Isto \u00e9 obrigat\u00f3rio\u00a0pelas normas brasileiras e internacionais e a Vale do Rio Doce n\u00e3o pode argumentar causa t\u00e3o esp\u00faria para o acidente.<\/p>\n<\/div>\n<div>\n<p>A publica\u00e7\u00e3o vale apena ler o abstract:<\/p>\n<\/div>\n<div>\n<p><a href=\"http:\/\/www.abq.org.br\/cbq\/2008\/trabalhos\/13\/13-242-4619.htm\" target=\"_blank\">http:\/\/www.abq.org.br\/cbq\/<wbr>2008\/trabalhos\/13\/13-242-4619.<wbr>htm<\/wbr><\/wbr><\/a><\/p>\n<\/div>\n<\/div>\n<\/div>\n<\/div>\n<\/div>\n<\/div>\n<\/div>\n<\/div>\n<\/div>\n<\/div>\n<\/div>\n<\/div>\n<\/div>\n<\/blockquote>\n<\/div>\n<\/div>\n<\/div>\n<div id=\"yiv1657515555ygrp-mlmsg\">\n<div id=\"yiv1657515555ygrp-msg\">\n<div id=\"yiv1657515555ygrp-text\">\n<div id=\"yui_3_16_0_1_1446999172336_4349\" dir=\"ltr\">\n<div id=\"yui_3_16_0_1_1446999172336_4358\"><a id=\"yui_3_16_0_1_1446999172336_4357\" href=\"http:\/\/www.cprm.gov.br\/sace\/index_bacias_monitoradas.php#\" rel=\"nofollow\" shape=\"rect\" target=\"_blank\"><br \/>\n<\/a><\/div>\n<\/div>\n<\/div>\n<\/div>\n<\/div>\n<p>&nbsp;<\/p>\n<\/div>\n<\/div>\n<\/div>\n<\/div>\n<\/div>\n<\/div>\n<\/div>\n<\/div>\n<\/div>\n<\/div>\n<\/div>\n<\/div>\n<\/div>\n","protected":false},"excerpt":{"rendered":"<p>&nbsp; \u00a0TRAGEDIA EM BENTO RODRIGUES\u00a0\u00a0e outras comunidades pr\u00f3ximas (Mariana) e na Bacia do Rio Doce \u00a0 NOTA DE LUTO E&#8230;<\/p>\n","protected":false},"author":2,"featured_media":0,"comment_status":"open","ping_status":"open","sticky":false,"template":"","format":"standard","meta":{"footnotes":""},"categories":[8],"tags":[],"_links":{"self":[{"href":"https:\/\/fonasc-cbh.org.br\/index.php?rest_route=\/wp\/v2\/posts\/14392"}],"collection":[{"href":"https:\/\/fonasc-cbh.org.br\/index.php?rest_route=\/wp\/v2\/posts"}],"about":[{"href":"https:\/\/fonasc-cbh.org.br\/index.php?rest_route=\/wp\/v2\/types\/post"}],"author":[{"embeddable":true,"href":"https:\/\/fonasc-cbh.org.br\/index.php?rest_route=\/wp\/v2\/users\/2"}],"replies":[{"embeddable":true,"href":"https:\/\/fonasc-cbh.org.br\/index.php?rest_route=%2Fwp%2Fv2%2Fcomments&post=14392"}],"version-history":[{"count":45,"href":"https:\/\/fonasc-cbh.org.br\/index.php?rest_route=\/wp\/v2\/posts\/14392\/revisions"}],"predecessor-version":[{"id":17174,"href":"https:\/\/fonasc-cbh.org.br\/index.php?rest_route=\/wp\/v2\/posts\/14392\/revisions\/17174"}],"wp:attachment":[{"href":"https:\/\/fonasc-cbh.org.br\/index.php?rest_route=%2Fwp%2Fv2%2Fmedia&parent=14392"}],"wp:term":[{"taxonomy":"category","embeddable":true,"href":"https:\/\/fonasc-cbh.org.br\/index.php?rest_route=%2Fwp%2Fv2%2Fcategories&post=14392"},{"taxonomy":"post_tag","embeddable":true,"href":"https:\/\/fonasc-cbh.org.br\/index.php?rest_route=%2Fwp%2Fv2%2Ftags&post=14392"}],"curies":[{"name":"wp","href":"https:\/\/api.w.org\/{rel}","templated":true}]}}