{"id":14383,"date":"2015-11-06T20:08:06","date_gmt":"2015-11-06T20:08:06","guid":{"rendered":"http:\/\/fonasc-cbh.org.br\/?p=14383"},"modified":"2015-11-06T20:10:37","modified_gmt":"2015-11-06T20:10:37","slug":"fonasc-ma-sociedade-civil-lota-auditorio-para-participar-de-mais-uma-audiencia-publica-para-criacao-do-cbh-parnaiba","status":"publish","type":"post","link":"https:\/\/fonasc-cbh.org.br\/?p=14383","title":{"rendered":"FONASC-MA &#8211; SOCIEDADE CIVIL LOTA AUDIT\u00d3RIO PARA PARTICIPAR DE MAIS UMA AUDI\u00caNCIA P\u00daBLICA PARA CRIA\u00c7\u00c3O DO CBH PARNA\u00cdBA"},"content":{"rendered":"<figure id=\"attachment_14384\" aria-describedby=\"caption-attachment-14384\" style=\"width: 506px\" class=\"wp-caption aligncenter\"><a href=\"https:\/\/fonasc-cbh.org.br\/?attachment_id=14384\" rel=\"attachment wp-att-14384\"><img loading=\"lazy\" decoding=\"async\" class=\"size-full wp-image-14384 \" title=\"audiencia cbh_protesto\" src=\"https:\/\/fonasc-cbh.org.br\/wp-content\/uploads\/audiencia-cbh_protesto.jpg\" alt=\"\" width=\"506\" height=\"336\" srcset=\"https:\/\/fonasc-cbh.org.br\/wp-content\/uploads\/audiencia-cbh_protesto.jpg 723w, https:\/\/fonasc-cbh.org.br\/wp-content\/uploads\/audiencia-cbh_protesto-300x199.jpg 300w\" sizes=\"(max-width: 506px) 100vw, 506px\" \/><\/a><figcaption id=\"caption-attachment-14384\" class=\"wp-caption-text\">Sociedade civil protestando durante a audi\u00eancia - Cr\u00e9dito: M\u00e1rcio Diniz\/ Ag\u00eancia Assembleia<\/figcaption><\/figure>\n<p>A sociedade civil mais uma vez marcou forte presen\u00e7a na segunda audi\u00eancia p\u00fablica para discutir a cria\u00e7\u00e3o do Comit\u00ea da Bacia Hidrogr\u00e1fica do Rio Parna\u00edba, realizada nesta quinta-feira, dia 5, no munic\u00edpio de Araioses, a 464 Km de S\u00e3o Lu\u00eds. Com a presen\u00e7a do conselheiro estadual de recursos h\u00eddricos, Manoel Ara\u00fajo, de deputados, prefeitos e da secret\u00e1ria adjunta de sustentabilidade da SEMA a popula\u00e7\u00e3o listou os diversos problemas que atingem os munic\u00edpios banhados pelo Parna\u00edba como: assoreamento, despejo de lixo e agrot\u00f3xico, saliniza\u00e7\u00e3o da \u00e1gua, desmatamento e queimadas.<\/p>\n<p>Reconhecendo os problemas existentes ao longo do Parna\u00edba e seus afluentes, os deputados membros da Comiss\u00e3o de Meio Ambiente da Assembleia Legislativa tiveram que explicar ao p\u00fablico, que lotou o audit\u00f3rio da escola municipal Tudes Jos\u00e9 Cardoso, o objetivo da audi\u00eancia e a import\u00e2ncia da cria\u00e7\u00e3o do Comit\u00ea.<\/p>\n<p>A secret\u00e1ria-adjunta da SEMA, Liene Soares Pereira, classificou a realiza\u00e7\u00e3o da audi\u00eancia p\u00fablica em Araioses como um momento hist\u00f3rico para o Maranh\u00e3o, pois est\u00e1 sendo constru\u00eddo algo importante que servir\u00e1 \u00e0s futuras gera\u00e7\u00f5es.<\/p>\n<p>Coube ao professor Avelar Damasceno Amorim, especialista em Meio Ambiente e Recursos H\u00eddricos, a explana\u00e7\u00e3o, durante a audi\u00eancia, sobre o que \u00e9 o Comit\u00ea e como ele atuar\u00e1. Ele falou sobre o desafio de conduzir um processo em que todas as lideran\u00e7as do estado est\u00e3o envolvidas e destacou a grande contribui\u00e7\u00e3o que a Assembleia Legislativa est\u00e1 dando neste processo. Avelar Damasceno informou que a Bacia Hidrogr\u00e1fica do Parna\u00edba \u00e9 a segunda mais importante do Nordeste e estende-se por uma \u00e1rea de 331.441 Km\/\u00b2, abrangendo os estados do Maranh\u00e3o, Pia\u00fa\u00ed e Cear\u00e1. No Maranh\u00e3o, esta bacia tem aproximadamente 19,5% de sua \u00e1rea, abrangendo 39 munic\u00edpios.<\/p>\n<p>Os munic\u00edpios maranhenses que est\u00e3o inseridos na Bacia do Baixo Parna\u00edba s\u00e3o \u00c1gua Doce do Maranh\u00e3o, Araioses, Brejo, Magalh\u00e3es de Almeida, Santa Quit\u00e9ria do Maranh\u00e3o, Magalh\u00e3es de Almeida, Santana do Maranh\u00e3o e S\u00e3o Bernardo.<\/p>\n<figure id=\"attachment_14385\" aria-describedby=\"caption-attachment-14385\" style=\"width: 506px\" class=\"wp-caption aligncenter\"><a href=\"https:\/\/fonasc-cbh.org.br\/?attachment_id=14385\" rel=\"attachment wp-att-14385\"><img loading=\"lazy\" decoding=\"async\" class=\"size-full wp-image-14385 \" title=\"audiencia cbh\" src=\"https:\/\/fonasc-cbh.org.br\/wp-content\/uploads\/audiencia-cbh.jpg\" alt=\"\" width=\"506\" height=\"336\" srcset=\"https:\/\/fonasc-cbh.org.br\/wp-content\/uploads\/audiencia-cbh.jpg 723w, https:\/\/fonasc-cbh.org.br\/wp-content\/uploads\/audiencia-cbh-300x199.jpg 300w\" sizes=\"(max-width: 506px) 100vw, 506px\" \/><\/a><figcaption id=\"caption-attachment-14385\" class=\"wp-caption-text\">Cr\u00e9dito: M\u00e1rcio Diniz\/ Ag\u00eancia Assembleia<\/figcaption><\/figure>\n<p>&nbsp;<\/p>\n<p><em><strong> Reda\u00e7\u00e3o: Fonasc com Ascom da Assembleia Legislativa<\/strong><\/em><\/p>\n","protected":false},"excerpt":{"rendered":"<p>A sociedade civil mais uma vez marcou forte presen\u00e7a na segunda audi\u00eancia p\u00fablica para discutir a cria\u00e7\u00e3o do Comit\u00ea da&#8230;<\/p>\n","protected":false},"author":2,"featured_media":0,"comment_status":"open","ping_status":"open","sticky":false,"template":"","format":"standard","meta":{"footnotes":""},"categories":[8],"tags":[],"_links":{"self":[{"href":"https:\/\/fonasc-cbh.org.br\/index.php?rest_route=\/wp\/v2\/posts\/14383"}],"collection":[{"href":"https:\/\/fonasc-cbh.org.br\/index.php?rest_route=\/wp\/v2\/posts"}],"about":[{"href":"https:\/\/fonasc-cbh.org.br\/index.php?rest_route=\/wp\/v2\/types\/post"}],"author":[{"embeddable":true,"href":"https:\/\/fonasc-cbh.org.br\/index.php?rest_route=\/wp\/v2\/users\/2"}],"replies":[{"embeddable":true,"href":"https:\/\/fonasc-cbh.org.br\/index.php?rest_route=%2Fwp%2Fv2%2Fcomments&post=14383"}],"version-history":[{"count":7,"href":"https:\/\/fonasc-cbh.org.br\/index.php?rest_route=\/wp\/v2\/posts\/14383\/revisions"}],"predecessor-version":[{"id":14977,"href":"https:\/\/fonasc-cbh.org.br\/index.php?rest_route=\/wp\/v2\/posts\/14383\/revisions\/14977"}],"wp:attachment":[{"href":"https:\/\/fonasc-cbh.org.br\/index.php?rest_route=%2Fwp%2Fv2%2Fmedia&parent=14383"}],"wp:term":[{"taxonomy":"category","embeddable":true,"href":"https:\/\/fonasc-cbh.org.br\/index.php?rest_route=%2Fwp%2Fv2%2Fcategories&post=14383"},{"taxonomy":"post_tag","embeddable":true,"href":"https:\/\/fonasc-cbh.org.br\/index.php?rest_route=%2Fwp%2Fv2%2Ftags&post=14383"}],"curies":[{"name":"wp","href":"https:\/\/api.w.org\/{rel}","templated":true}]}}