{"id":12174,"date":"2015-03-06T19:02:13","date_gmt":"2015-03-06T19:02:13","guid":{"rendered":"http:\/\/fonasc-cbh.org.br\/?p=12174"},"modified":"2015-03-06T19:03:04","modified_gmt":"2015-03-06T19:03:04","slug":"fonasc-mg-artigo-a-nossa-cantareira-de-belo-horizonte","status":"publish","type":"post","link":"https:\/\/fonasc-cbh.org.br\/?p=12174","title":{"rendered":"FONASC MG DIVULGA ARTIGO : A NOSSA CANTAREIRA DE BELO HORIZONTE"},"content":{"rendered":"<p style=\"text-align: right;\"><strong>Reportagem do Paulo Andr\u00e9s, colaborador da ARCA-AMASERRA,dando uma vis\u00e3o geral da situa\u00e7\u00e3o da \u00e1gua na regi\u00e3o Metropolitana de BH.Entidade &#8211; Entidade Parceira \u00a0do FONASC na URC -Rio das Velhas.MG<\/strong><\/p>\n<p><a href=\"http:\/\/api.ning.com\/files\/yhCsS*vRHKiaoG5x9U*p*IZkqder7Ryg5cwtzHRRAqhTtP635kmpOJ6floF*ZM3*6SsO-SiYv2KY-4yUk7LiOTm0xVdV5ukw\/fd.jpg?width=650\"><img loading=\"lazy\" decoding=\"async\" class=\"alignnone\" src=\"http:\/\/api.ning.com\/files\/yhCsS*vRHKiaoG5x9U*p*IZkqder7Ryg5cwtzHRRAqhTtP635kmpOJ6floF*ZM3*6SsO-SiYv2KY-4yUk7LiOTm0xVdV5ukw\/fd.jpg?width=650\" alt=\"\" width=\"390\" height=\"292\" \/><\/a><\/p>\n<div id=\"yui_3_16_0_1_1425667063645_11168\" dir=\"ltr\">\n<div id=\"yui_3_16_0_1_1425667063645_11180\">\n<div id=\"yui_3_16_0_1_1425667063645_11183\">\n<div id=\"yui_3_16_0_1_1425667063645_11182\">\n<p>Era mais um s\u00e1bado quente de janeiro, e ainda pela manh\u00e3 eu fugia para os quase 1.700 metros de altitude da Serra da Gandarela. J\u00e1 completara um m\u00eas sem que uma m\u00edsera gota de chuva ca\u00edsse do c\u00e9u \u2013 simplesmente o ver\u00e3o mais seco registrado em Belo Horizonte.<\/p>\n<\/div>\n<div id=\"yui_3_16_0_1_1425667063645_11186\">Sa\u00edmos da capital, eu e meu amigo Leandro Novais, cruzando a bacia do rio das Velhas em dire\u00e7\u00e3o a Rio Acima. Na altura de Bela Fama paramos para observar como andava o rio. Logo desanimamos: havia pouca \u00e1gua. Pelas medi\u00e7\u00f5es passavam por ali apenas 8.000 litros por segundo. Muito menos do que o normal. Pouco mais do que os 6.000 litros por segundo que a Copasa precisa retirar para o nosso abastecimento.<\/div>\n<div id=\"yui_3_16_0_1_1425667063645_11186\">\n<p>\u00a0Seguimos viagem e ganhamos o alto da Gandarela. Ent\u00e3o, parado em um dos mirantes, eu apreciei l\u00e1 embaixo a bacia do rio das Velhas, as serras que a rodeiam e as matas que ainda recobrem o seu fundo. \u00c9 embaixo disso tudo que est\u00e3o os aqu\u00edferos do alto Velhas: a nossa caixa d\u2019\u00e1gua natural, a nossa represa da Cantareira.<\/p>\n<p><span style=\"color: #000000;\">A represa da Cantareira, em S\u00e3o Paulo, virou estrela de televis\u00e3o. Por\u00e9m a Cantareira de Belo Horizonte \u00e9 invis\u00edvel, subterr\u00e2nea. N\u00e3o \u00e9 simples medir o seu n\u00edvel, mas ela tamb\u00e9m est\u00e1 secando aos poucos \u2013 \u00e9 o que mostra a pequena vaz\u00e3o das suas nascentes.<\/span><\/p>\n<p><span style=\"color: #000000;\">Ent\u00e3o, para nossa surpresa, rapidamente o tempo mudou. Uma massa de nuvens carregadas trouxe um cen\u00e1rio familiar, mas que agora \u00e9 tamb\u00e9m incomum.<\/span><\/p>\n<p><span style=\"color: #000000;\">Na mesma hora me lembrei:<\/span><\/p>\n<p><span style=\"color: #000000;\">\u201c<em>Cheguei a Belo Horizonte com as grandes \u00e1guas de 1921. Ia come\u00e7ar a chover de janeiro a mar\u00e7o, s\u00f3 de raro o c\u00e9u de chumbo se fendendo e o sol fazendo uma visita de horas, dias, no m\u00e1ximo semana, para, depois, o mundo soverter-se nos ciclones. (&#8230;) Chove, chove sem passar.<\/em>\u201d \u00a0\u00a0<\/span>[Pedro Nava, Ch\u00e3o de Ferro, Ed. Companhia das Letras, 2012]<\/p>\n<p><span style=\"color: #000000;\">Ent\u00e3o, privilegiados, observamos a maravilha das chuvas: a recarga dos aqu\u00edferos do Velhas, com a absor\u00e7\u00e3o da \u00e1gua pelos afloramentos de canga da Gandarela. A canga \u00e9 como uma esponja, ela suga cada gota, e dali elas seguem para o aqu\u00edfero.<\/span><\/p>\n<p><span style=\"color: #000000;\">\u00c9 esse mecanismo que precisamos preservar a todo custo. \u00c9 ele que enche a nossa Cantareira. Eu via as \u00e1guas se infiltrando e pensava se elas chegariam ao Velhas, l\u00e1 embaixo, agora mais um filete do que um rio. Que um dia foi naveg\u00e1vel.<\/span><\/p>\n<p><span style=\"color: #000000;\"><em>&#8220;\u00c9 claro que em 1921 elas chegavam. \u00c9 quando se ouviam os gemidos dos caudais descendo os declives procurando o Arrudas, enchendo o rio das Velhas, o S\u00e3o Francisco.&#8221;<\/em><\/span><\/p>\n<p><span style=\"color: #000000;\">Abri alguns jornais que trazia comigo. Encontrei falas de muitas pessoas, todas preocupadas com essa situa\u00e7\u00e3o.<\/span><\/p>\n<p><span style=\"color: #000000;\">Prefeitos? Pregam o uso racional.<\/span><\/p>\n<p><span style=\"color: #000000;\">Deputados? Se mostram indignados.<\/span><\/p>\n<p><span style=\"color: #000000;\">Executivos de mineradoras? Distribuem elegantes relat\u00f3rios de sustentabilidade.<\/span><\/p>\n<p><span style=\"color: #000000;\">T\u00e9cnicos? Afirmam que suas gigantes barragens de rejeitos, feitas de terra, s\u00e3o seguras.<\/span><\/p>\n<p><span style=\"color: #000000;\">\u00d3rg\u00e3os ambientais? Se dizem vigilantes e eficientes.<\/span><\/p>\n<p><span style=\"color: #000000;\">Empres\u00e1rios? Alegam seguir padr\u00f5es internacionais.<\/span><\/p>\n<p><span style=\"color: #000000;\">Lia essas coisas imerso na n\u00e9voa, me sentindo em um mundo da fantasia. Ent\u00e3o, quando as nuvens subiram um pouco, eu pude observar de novo todo o alto Velhas. O mundo real.<\/span><\/p>\n<p><span style=\"color: #000000;\">O que eu via l\u00e1 embaixo eram projetos de minera\u00e7\u00e3o que gastam mais \u00e1gua do que cidades inteiras, e ainda impedem a absor\u00e7\u00e3o das chuvas pelos aqu\u00edferos. Tudo aprovado com aplausos pelos governos, prefeitos inclusive. Em cenas irreais, eles desviam rios inteiros 24 horas por dia.<\/span><\/p>\n<p><span style=\"color: #000000;\">Olhei para a regi\u00e3o das nascentes do Velhas: Mariana e Ouro Preto. Ali, a maior parte da \u00e1gua dispon\u00edvel j\u00e1 \u00e9 usada para opera\u00e7\u00f5es de extra\u00e7\u00e3o e transporte de min\u00e9rio de ferro. Agora fizeram um aqueduto particular, que busca \u00e1gua em Santa B\u00e1rbara, a 50 km de dist\u00e2ncia.<\/span><\/p>\n<p><span style=\"color: #000000;\">Me voltei para Itabirito, observando a Esta\u00e7\u00e3o Ecol\u00f3gica de Ar\u00eades. Uma \u00e1rea de recarga de aqu\u00edferos, reduzida h\u00e1 poucos dias por uma decis\u00e3o dos deputados estaduais.<\/span><\/p>\n<p><span style=\"color: #000000;\">Ainda em Itabirito: suas lideran\u00e7as entregaram um volume de \u00e1gua equivalente ao consumo atual da cidade para uma f\u00e1brica de bebidas. Em um futuro pr\u00f3ximo, quando a \u00e1gua faltar, a popula\u00e7\u00e3o lavar\u00e1 lou\u00e7as e roupas com refrigerantes?<\/span><\/p>\n<p id=\"yui_3_16_0_1_1425667063645_11185\"><span id=\"yui_3_16_0_1_1425667063645_11184\" style=\"color: #000000;\">Na mesma regi\u00e3o, o relat\u00f3rio oficial sobre a amplia\u00e7\u00e3o de um condom\u00ednio declarou que n\u00e3o haver\u00e1 interfer\u00eancia nas \u00e1guas, \u201cuma vez que o abastecimento ser\u00e1 realizado por meio da concession\u00e1ria local\u201d. A concession\u00e1ria trar\u00e1 \u00e1gua de avi\u00e3o, penso.<\/span><\/p>\n<p><span style=\"color: #000000;\">Ali perto planejam uma cidade inteira, mas dizem que n\u00e3o faltar\u00e1 \u00e1gua. E asseguram que a lagoa dos Ingleses \u2013 recentemente promovida a manancial de emerg\u00eancia de Belo Horizonte \u2013 n\u00e3o ser\u00e1 prejudicada. Me recordei da Pampulha, e me senti enganado.<\/span><\/p>\n<p><span style=\"color: #000000;\">Buscando algum al\u00edvio me virei, olhando para o norte. Avistei a Serra do Curral. Ent\u00e3o me lembrei dos planos, em andamento, para mais uma grande mina de ferro a c\u00e9u aberto, desta vez na regi\u00e3o do Taquaril. O problema \u00e9 que eles est\u00e3o pregando uma coisa e fazendo o seu oposto. Sempre, agora, todos os dias.<\/span><\/p>\n<p><span style=\"color: #000000;\">Pensei: as \u00e1reas de recarga dos aqu\u00edferos do Velhas n\u00e3o poderiam mais ser destru\u00eddas. E a \u00e1gua j\u00e1 armazenada n\u00e3o deveria ser bombeada de forma t\u00e3o irrespons\u00e1vel. \u00c9 o futuro nosso e o dos nossos filhos que est\u00e1 em jogo. Mexo de novo nos jornais, me distraio com as forma\u00e7\u00f5es de canga, olho de novo a paisagem.<\/span><\/p>\n<p><span style=\"color: #000000;\">O que mais pensar? Nada. S\u00e3o todos uns farsantes.\u00a0\u00a0<\/span><\/p>\n<p>&nbsp;<\/p>\n<p id=\"yui_3_16_0_1_1425667063645_11187\">* Ge\u00f3grafo e jornalista, colaborador da ArcaAmaSerra &#8211; Associa\u00e7\u00e3o para a Recupera\u00e7\u00e3o e Conserva\u00e7\u00e3o Ambiental em Defesa da Serra da Cal\u00e7ada.<\/p>\n<\/div>\n<\/div>\n<\/div>\n<\/div>\n<p>&nbsp;<\/p>\n<p>&#8212;<\/p>\n","protected":false},"excerpt":{"rendered":"<p>Reportagem do Paulo Andr\u00e9s, colaborador da ARCA-AMASERRA,dando uma vis\u00e3o geral da situa\u00e7\u00e3o da \u00e1gua na regi\u00e3o Metropolitana de BH.Entidade &#8211;&#8230;<\/p>\n","protected":false},"author":2,"featured_media":0,"comment_status":"closed","ping_status":"open","sticky":false,"template":"","format":"standard","meta":{"footnotes":""},"categories":[8],"tags":[],"_links":{"self":[{"href":"https:\/\/fonasc-cbh.org.br\/index.php?rest_route=\/wp\/v2\/posts\/12174"}],"collection":[{"href":"https:\/\/fonasc-cbh.org.br\/index.php?rest_route=\/wp\/v2\/posts"}],"about":[{"href":"https:\/\/fonasc-cbh.org.br\/index.php?rest_route=\/wp\/v2\/types\/post"}],"author":[{"embeddable":true,"href":"https:\/\/fonasc-cbh.org.br\/index.php?rest_route=\/wp\/v2\/users\/2"}],"replies":[{"embeddable":true,"href":"https:\/\/fonasc-cbh.org.br\/index.php?rest_route=%2Fwp%2Fv2%2Fcomments&post=12174"}],"version-history":[{"count":3,"href":"https:\/\/fonasc-cbh.org.br\/index.php?rest_route=\/wp\/v2\/posts\/12174\/revisions"}],"predecessor-version":[{"id":12176,"href":"https:\/\/fonasc-cbh.org.br\/index.php?rest_route=\/wp\/v2\/posts\/12174\/revisions\/12176"}],"wp:attachment":[{"href":"https:\/\/fonasc-cbh.org.br\/index.php?rest_route=%2Fwp%2Fv2%2Fmedia&parent=12174"}],"wp:term":[{"taxonomy":"category","embeddable":true,"href":"https:\/\/fonasc-cbh.org.br\/index.php?rest_route=%2Fwp%2Fv2%2Fcategories&post=12174"},{"taxonomy":"post_tag","embeddable":true,"href":"https:\/\/fonasc-cbh.org.br\/index.php?rest_route=%2Fwp%2Fv2%2Ftags&post=12174"}],"curies":[{"name":"wp","href":"https:\/\/api.w.org\/{rel}","templated":true}]}}